{"id":1144,"date":"2015-10-22T10:06:35","date_gmt":"2015-10-22T13:06:35","guid":{"rendered":"http:\/\/www.fifv.cl\/2015\/?p=1144"},"modified":"2016-10-14T17:26:30","modified_gmt":"2016-10-14T20:26:30","slug":"gilles-favier","status":"publish","type":"post","link":"https:\/\/fifv.cl\/2016\/gilles-favier\/","title":{"rendered":"Gilles Favier"},"content":{"rendered":"<p>Destacado fot\u00f3grafo franc\u00e9s, representado por la Agencia VU\u2019 y director del Festival de Fotograf\u00eda Images Singuli\u00e8res (S\u00e8te, Francia).\u00a0\u2028Inspirado por la est\u00e9tica de Diane Arbus, este artista desarrolla una perspectiva humanista sobre los aspectos m\u00e1s marginales de la sociedad.\u00a0Su obra se caracteriza por una impronta realista, desprovista de lo espectacular.<\/p>\n<p>&nbsp;<\/p>\n<p>&nbsp;<\/p>\n<p>&nbsp;<\/p>\n","protected":false},"excerpt":{"rendered":"<p>Destacado fot\u00f3grafo franc\u00e9s, representado por la Agencia VU\u2019 y director del Festival de Fotograf\u00eda Images Singuli\u00e8res (S\u00e8te, Francia).\u00a0\u2028Inspirado por la est\u00e9tica de Diane Arbus, este artista desarrolla una perspectiva humanista [&hellip;]<\/p>\n","protected":false},"author":2,"featured_media":2717,"comment_status":"closed","ping_status":"open","sticky":false,"template":"","format":"standard","meta":{"footnotes":""},"categories":[17],"tags":[],"class_list":["post-1144","post","type-post","status-publish","format-standard","has-post-thumbnail","hentry","category-invitados-adicionales"],"_links":{"self":[{"href":"https:\/\/fifv.cl\/2016\/wp-json\/wp\/v2\/posts\/1144","targetHints":{"allow":["GET"]}}],"collection":[{"href":"https:\/\/fifv.cl\/2016\/wp-json\/wp\/v2\/posts"}],"about":[{"href":"https:\/\/fifv.cl\/2016\/wp-json\/wp\/v2\/types\/post"}],"author":[{"embeddable":true,"href":"https:\/\/fifv.cl\/2016\/wp-json\/wp\/v2\/users\/2"}],"replies":[{"embeddable":true,"href":"https:\/\/fifv.cl\/2016\/wp-json\/wp\/v2\/comments?post=1144"}],"version-history":[{"count":3,"href":"https:\/\/fifv.cl\/2016\/wp-json\/wp\/v2\/posts\/1144\/revisions"}],"predecessor-version":[{"id":1156,"href":"https:\/\/fifv.cl\/2016\/wp-json\/wp\/v2\/posts\/1144\/revisions\/1156"}],"wp:featuredmedia":[{"embeddable":true,"href":"https:\/\/fifv.cl\/2016\/wp-json\/wp\/v2\/media\/2717"}],"wp:attachment":[{"href":"https:\/\/fifv.cl\/2016\/wp-json\/wp\/v2\/media?parent=1144"}],"wp:term":[{"taxonomy":"category","embeddable":true,"href":"https:\/\/fifv.cl\/2016\/wp-json\/wp\/v2\/categories?post=1144"},{"taxonomy":"post_tag","embeddable":true,"href":"https:\/\/fifv.cl\/2016\/wp-json\/wp\/v2\/tags?post=1144"}],"curies":[{"name":"wp","href":"https:\/\/api.w.org\/{rel}","templated":true}]}}