{"id":1863,"date":"2015-11-05T22:29:13","date_gmt":"2015-11-06T01:29:13","guid":{"rendered":"http:\/\/www.fifv.cl\/2015\/?p=1863"},"modified":"2015-11-09T21:14:31","modified_gmt":"2015-11-10T00:14:31","slug":"viernes-6-en-el-fifv","status":"publish","type":"post","link":"https:\/\/fifv.cl\/2016\/viernes-6-en-el-fifv\/","title":{"rendered":"Viernes 6 en el FIFV"},"content":{"rendered":"<div style=\"text-align: justify;\">El ciclo de lanzamientos de libros del Festival Internacional de Fotograf\u00eda en Valpara\u00edso FIFV culmina hoy a lo grande, con el lanzamiento\u00a0 de \u201cValpara\u00edso\u201d del fot\u00f3grafo sueco Anders Petersen. Se trata de una publicaci\u00f3n muy esperada a nivel mundial, realizada por\u00a0 la editorial francesa Andre Frere Editions en conjunto con FIFV Ediciones. Petersen es uno de los referentes m\u00e1s importantes de la fotograf\u00eda documental y a pesar de haber viajado mucho, era la primera vez que Petersen conoc\u00eda Sudam\u00e9rica. Durante su estad\u00eda,\u00a0 realiz\u00f3 una residencia de creaci\u00f3n fotogr\u00e1fica en el FIFV y retrat\u00f3 a inusuales habitantes del puerto con su caracter\u00edstico estilo, siguiendo la huella iniciada por Sergio Larra\u00edn en los a\u00f1os 90. La intimidad que logra con sus modelos el sello m\u00e1s reconocible en sus fotos.<br \/>\nLanzamiento: viernes 6 de noviembre, 19:00 horas. Casa Espacio Buenos Aires 842, calle Buenos Aires 824, Plan Valpara\u00edso.<\/div>\n<div style=\"text-align: justify;\"><\/div>\n<div style=\"text-align: justify;\">Otras actividades<br \/>\nLugar:\u00a0CASA ESPACIO BUENOS AIRES 824<br \/>\n18.00 \u2013\u00a0INAUGURACI\u00d3N BIBLIOTECA FOTOGR\u00c1FICA FIFV.<br \/>\n18.30 \u2013 LANZAMIENTO LIBRO \u201cA-MOR\u201d\u00a0de Crist\u00f3bal Olivares (Chile).<br \/>\nLugar:\u00a0EL INTERNADO<br \/>\n22.00 \u2013\u00a0PROYECCI\u00d3N DE FOTOGRAF\u00cdA CHILENA EXHIBIDA EN IMAGESINGULI\u00c8RES 2015.\u00a0Con fotograf\u00edas de Zaida Gonz\u00e1lez, Luis Weinstein, Tom\u00e1s Munita, Andr\u00e9s Figueroa, Claudio P\u00e9rez, H\u00e9ctor L\u00f3pez, Juan Carlos C\u00e1ceres, Alejandro Olivares, Mauricio Toro Goya, Fabi\u00e1n Espa\u00f1a, Demian Schopf, Juvenal Barr\u00eda, Rosario Montero, Cristi\u00e1n Kirby.\u00a0Presenta Gilles Favier, Director del Festival ImageSingulier\u00e8s<br \/>\n23.00 \u2013\u00a0DJ SIN PASAPORTE\u00a0(Chile).<\/p>\n<\/div>\n","protected":false},"excerpt":{"rendered":"<p>El ciclo de lanzamientos de libros del Festival Internacional de Fotograf\u00eda en Valpara\u00edso FIFV culmina hoy a lo grande, con el lanzamiento\u00a0 de \u201cValpara\u00edso\u201d del fot\u00f3grafo sueco Anders Petersen. Se [&hellip;]<\/p>\n","protected":false},"author":2,"featured_media":1864,"comment_status":"closed","ping_status":"open","sticky":false,"template":"","format":"standard","meta":{"footnotes":""},"categories":[],"tags":[],"class_list":["post-1863","post","type-post","status-publish","format-standard","has-post-thumbnail","hentry"],"_links":{"self":[{"href":"https:\/\/fifv.cl\/2016\/wp-json\/wp\/v2\/posts\/1863","targetHints":{"allow":["GET"]}}],"collection":[{"href":"https:\/\/fifv.cl\/2016\/wp-json\/wp\/v2\/posts"}],"about":[{"href":"https:\/\/fifv.cl\/2016\/wp-json\/wp\/v2\/types\/post"}],"author":[{"embeddable":true,"href":"https:\/\/fifv.cl\/2016\/wp-json\/wp\/v2\/users\/2"}],"replies":[{"embeddable":true,"href":"https:\/\/fifv.cl\/2016\/wp-json\/wp\/v2\/comments?post=1863"}],"version-history":[{"count":3,"href":"https:\/\/fifv.cl\/2016\/wp-json\/wp\/v2\/posts\/1863\/revisions"}],"predecessor-version":[{"id":1987,"href":"https:\/\/fifv.cl\/2016\/wp-json\/wp\/v2\/posts\/1863\/revisions\/1987"}],"wp:featuredmedia":[{"embeddable":true,"href":"https:\/\/fifv.cl\/2016\/wp-json\/wp\/v2\/media\/1864"}],"wp:attachment":[{"href":"https:\/\/fifv.cl\/2016\/wp-json\/wp\/v2\/media?parent=1863"}],"wp:term":[{"taxonomy":"category","embeddable":true,"href":"https:\/\/fifv.cl\/2016\/wp-json\/wp\/v2\/categories?post=1863"},{"taxonomy":"post_tag","embeddable":true,"href":"https:\/\/fifv.cl\/2016\/wp-json\/wp\/v2\/tags?post=1863"}],"curies":[{"name":"wp","href":"https:\/\/api.w.org\/{rel}","templated":true}]}}