{"id":2439,"date":"2016-10-10T22:22:22","date_gmt":"2016-10-11T01:22:22","guid":{"rendered":"http:\/\/fifv.cl\/2016\/dev\/?p=2439"},"modified":"2016-10-20T21:58:48","modified_gmt":"2016-10-21T00:58:48","slug":"alvaro-rojas","status":"publish","type":"post","link":"https:\/\/fifv.cl\/2016\/alvaro-rojas\/","title":{"rendered":"\u00c1lvaro Rojas"},"content":{"rendered":"<p><b><\/b><span style=\"font-weight: 400;\">Oriundo de La Serena y nacido el a\u00f1o 1981. El a\u00f1o 2008 curs\u00f3 el Master de Fotograf\u00eda EFTI, Escuela de fotograf\u00eda y Centro de Imagen. Madrid, Espa\u00f1a. Ha participado de exposiciones individuales y colectivas en Espa\u00f1a, Bruselas y Chile. <\/span><\/p>\n","protected":false},"excerpt":{"rendered":"<p>Oriundo de La Serena y nacido el a\u00f1o 1981. El a\u00f1o 2008 curs\u00f3 el Master de Fotograf\u00eda EFTI, Escuela de fotograf\u00eda y Centro de Imagen. Madrid, Espa\u00f1a. Ha participado de [&hellip;]<\/p>\n","protected":false},"author":2,"featured_media":2988,"comment_status":"closed","ping_status":"open","sticky":false,"template":"","format":"standard","meta":{"footnotes":""},"categories":[17],"tags":[],"class_list":["post-2439","post","type-post","status-publish","format-standard","has-post-thumbnail","hentry","category-invitados-adicionales"],"_links":{"self":[{"href":"https:\/\/fifv.cl\/2016\/wp-json\/wp\/v2\/posts\/2439","targetHints":{"allow":["GET"]}}],"collection":[{"href":"https:\/\/fifv.cl\/2016\/wp-json\/wp\/v2\/posts"}],"about":[{"href":"https:\/\/fifv.cl\/2016\/wp-json\/wp\/v2\/types\/post"}],"author":[{"embeddable":true,"href":"https:\/\/fifv.cl\/2016\/wp-json\/wp\/v2\/users\/2"}],"replies":[{"embeddable":true,"href":"https:\/\/fifv.cl\/2016\/wp-json\/wp\/v2\/comments?post=2439"}],"version-history":[{"count":1,"href":"https:\/\/fifv.cl\/2016\/wp-json\/wp\/v2\/posts\/2439\/revisions"}],"predecessor-version":[{"id":2440,"href":"https:\/\/fifv.cl\/2016\/wp-json\/wp\/v2\/posts\/2439\/revisions\/2440"}],"wp:featuredmedia":[{"embeddable":true,"href":"https:\/\/fifv.cl\/2016\/wp-json\/wp\/v2\/media\/2988"}],"wp:attachment":[{"href":"https:\/\/fifv.cl\/2016\/wp-json\/wp\/v2\/media?parent=2439"}],"wp:term":[{"taxonomy":"category","embeddable":true,"href":"https:\/\/fifv.cl\/2016\/wp-json\/wp\/v2\/categories?post=2439"},{"taxonomy":"post_tag","embeddable":true,"href":"https:\/\/fifv.cl\/2016\/wp-json\/wp\/v2\/tags?post=2439"}],"curies":[{"name":"wp","href":"https:\/\/api.w.org\/{rel}","templated":true}]}}