{"id":2487,"date":"2016-10-12T00:53:50","date_gmt":"2016-10-12T03:53:50","guid":{"rendered":"http:\/\/fifv.cl\/2016\/dev\/?p=2487"},"modified":"2016-10-13T09:53:05","modified_gmt":"2016-10-13T12:53:05","slug":"mauricio-valenzuela","status":"publish","type":"post","link":"https:\/\/fifv.cl\/2016\/mauricio-valenzuela\/","title":{"rendered":"Emiliano Valenzuela"},"content":{"rendered":"<p>Fot\u00f3grafo y periodista nacido en Santiago, hijo del destacado fot\u00f3grafo nacional Mauricio Valenzuela. Trabaj\u00f3, hasta su cierre, en La Naci\u00f3n Domingo como periodista, adem\u00e1s de cronista y fot\u00f3grafo. En 2006 recibi\u00f3 la beca Pablo Neruda para escritores j\u00f3venes. Fund\u00f3 junto a otros compa\u00f1eros el Colectivo Fotogr\u00e1fico Niebla, participando en varias instancias de difusi\u00f3n de la fotograf\u00eda como: Primera exposici\u00f3n de fotograf\u00eda urbana Chile-M\u00e9xico (La Reina 2011); Festival Internacional de Fotograf\u00eda de Valpara\u00edso (2012 -2013).<\/p>\n","protected":false},"excerpt":{"rendered":"<p>Fot\u00f3grafo y periodista nacido en Santiago, hijo del destacado fot\u00f3grafo nacional Mauricio Valenzuela. Trabaj\u00f3, hasta su cierre, en La Naci\u00f3n Domingo como periodista, adem\u00e1s de cronista y fot\u00f3grafo. En 2006 [&hellip;]<\/p>\n","protected":false},"author":2,"featured_media":984,"comment_status":"closed","ping_status":"open","sticky":false,"template":"","format":"standard","meta":{"footnotes":""},"categories":[17],"tags":[],"class_list":["post-2487","post","type-post","status-publish","format-standard","has-post-thumbnail","hentry","category-invitados-adicionales"],"_links":{"self":[{"href":"https:\/\/fifv.cl\/2016\/wp-json\/wp\/v2\/posts\/2487","targetHints":{"allow":["GET"]}}],"collection":[{"href":"https:\/\/fifv.cl\/2016\/wp-json\/wp\/v2\/posts"}],"about":[{"href":"https:\/\/fifv.cl\/2016\/wp-json\/wp\/v2\/types\/post"}],"author":[{"embeddable":true,"href":"https:\/\/fifv.cl\/2016\/wp-json\/wp\/v2\/users\/2"}],"replies":[{"embeddable":true,"href":"https:\/\/fifv.cl\/2016\/wp-json\/wp\/v2\/comments?post=2487"}],"version-history":[{"count":3,"href":"https:\/\/fifv.cl\/2016\/wp-json\/wp\/v2\/posts\/2487\/revisions"}],"predecessor-version":[{"id":2619,"href":"https:\/\/fifv.cl\/2016\/wp-json\/wp\/v2\/posts\/2487\/revisions\/2619"}],"wp:featuredmedia":[{"embeddable":true,"href":"https:\/\/fifv.cl\/2016\/wp-json\/wp\/v2\/media\/984"}],"wp:attachment":[{"href":"https:\/\/fifv.cl\/2016\/wp-json\/wp\/v2\/media?parent=2487"}],"wp:term":[{"taxonomy":"category","embeddable":true,"href":"https:\/\/fifv.cl\/2016\/wp-json\/wp\/v2\/categories?post=2487"},{"taxonomy":"post_tag","embeddable":true,"href":"https:\/\/fifv.cl\/2016\/wp-json\/wp\/v2\/tags?post=2487"}],"curies":[{"name":"wp","href":"https:\/\/api.w.org\/{rel}","templated":true}]}}