{"id":2489,"date":"2016-10-12T00:57:25","date_gmt":"2016-10-12T03:57:25","guid":{"rendered":"http:\/\/fifv.cl\/2016\/dev\/?p=2489"},"modified":"2016-10-14T11:34:48","modified_gmt":"2016-10-14T14:34:48","slug":"rosario-montero","status":"publish","type":"post","link":"https:\/\/fifv.cl\/2016\/rosario-montero\/","title":{"rendered":"Rosario Montero"},"content":{"rendered":"<p>Artista visual y fot\u00f3grafa. Licenciada en Artes Visuales (PUC, Chile), Mag\u00edster en Artes Visuales (U.Chile) y Master en Antropolog\u00eda Digital (UCL,Londres). Ha expuesto individualmente en la Galer\u00eda del Centro Cultural de Espa\u00f1a (2004) y Centro Cultural Estaci\u00f3n Mapocho (2015). El 2006 public\u00f3 su primer libro de fotograf\u00eda de autor, \u201cMiradas Paralelas\u201d. El 2012 formo parte de la curator\u00eda realizada por Mart\u00edn Parr sobre fotograf\u00eda latinoamericana para C Photo (Ivory Press) titulada \u201cNueva Mirada Latina\u201d. Actualmente realiza un doctorado en Estudios Culturales en Golsmiths Inglaterra.<\/p>\n","protected":false},"excerpt":{"rendered":"<p>Artista visual y fot\u00f3grafa. Licenciada en Artes Visuales (PUC, Chile), Mag\u00edster en Artes Visuales (U.Chile) y Master en Antropolog\u00eda Digital (UCL,Londres). Ha expuesto individualmente en la Galer\u00eda del Centro Cultural [&hellip;]<\/p>\n","protected":false},"author":2,"featured_media":2657,"comment_status":"closed","ping_status":"open","sticky":false,"template":"","format":"standard","meta":{"footnotes":""},"categories":[17],"tags":[],"class_list":["post-2489","post","type-post","status-publish","format-standard","has-post-thumbnail","hentry","category-invitados-adicionales"],"_links":{"self":[{"href":"https:\/\/fifv.cl\/2016\/wp-json\/wp\/v2\/posts\/2489","targetHints":{"allow":["GET"]}}],"collection":[{"href":"https:\/\/fifv.cl\/2016\/wp-json\/wp\/v2\/posts"}],"about":[{"href":"https:\/\/fifv.cl\/2016\/wp-json\/wp\/v2\/types\/post"}],"author":[{"embeddable":true,"href":"https:\/\/fifv.cl\/2016\/wp-json\/wp\/v2\/users\/2"}],"replies":[{"embeddable":true,"href":"https:\/\/fifv.cl\/2016\/wp-json\/wp\/v2\/comments?post=2489"}],"version-history":[{"count":2,"href":"https:\/\/fifv.cl\/2016\/wp-json\/wp\/v2\/posts\/2489\/revisions"}],"predecessor-version":[{"id":2658,"href":"https:\/\/fifv.cl\/2016\/wp-json\/wp\/v2\/posts\/2489\/revisions\/2658"}],"wp:featuredmedia":[{"embeddable":true,"href":"https:\/\/fifv.cl\/2016\/wp-json\/wp\/v2\/media\/2657"}],"wp:attachment":[{"href":"https:\/\/fifv.cl\/2016\/wp-json\/wp\/v2\/media?parent=2489"}],"wp:term":[{"taxonomy":"category","embeddable":true,"href":"https:\/\/fifv.cl\/2016\/wp-json\/wp\/v2\/categories?post=2489"},{"taxonomy":"post_tag","embeddable":true,"href":"https:\/\/fifv.cl\/2016\/wp-json\/wp\/v2\/tags?post=2489"}],"curies":[{"name":"wp","href":"https:\/\/api.w.org\/{rel}","templated":true}]}}