{"id":2496,"date":"2016-10-12T01:07:36","date_gmt":"2016-10-12T04:07:36","guid":{"rendered":"http:\/\/fifv.cl\/2016\/dev\/?p=2496"},"modified":"2016-10-12T19:54:40","modified_gmt":"2016-10-12T22:54:40","slug":"carlos-avello","status":"publish","type":"post","link":"https:\/\/fifv.cl\/2016\/carlos-avello\/","title":{"rendered":"Carlos Avello"},"content":{"rendered":"<p>Nacido en Concepci\u00f3n, Chile. Con estudios de Licenciatura en\u00a0Educaci\u00f3n y Artes en la Universidad de Concepci\u00f3n y\u00a0Posgrado en el Instituto Latinoamericano de Comunicaci\u00f3n,\u00a0ILCE, (M\u00e9xico D.F.)\u00a0Desarrolla su primer\u00a0proyecto de Investigaci\u00f3n en Isla de Pascua y mas tarde, elabora\u00a0un proyecto de ense\u00f1anza de la\u00a0fotograf\u00eda en Comunidades rurales e ind\u00edgenas. Ha participado de\u00a0exposiciones y proyectos fotogr\u00e1ficos en Francia, Holanda, M\u00e9xico, Italia,Espa\u00f1a, China, Reino Unido, Brasil, Argentina, Isla de Pascua. Los\u00a0a\u00f1os 2013 y 2015 obtuvo el 1er Lugar en la Categor\u00eda Naturaleza y Medio Ambiente del Sal\u00f3n Nacional de Fotoperiodismo.<\/p>\n","protected":false},"excerpt":{"rendered":"<p>Nacido en Concepci\u00f3n, Chile. Con estudios de Licenciatura en\u00a0Educaci\u00f3n y Artes en la Universidad de Concepci\u00f3n y\u00a0Posgrado en el Instituto Latinoamericano de Comunicaci\u00f3n,\u00a0ILCE, (M\u00e9xico D.F.)\u00a0Desarrolla su primer\u00a0proyecto de Investigaci\u00f3n en [&hellip;]<\/p>\n","protected":false},"author":2,"featured_media":2592,"comment_status":"closed","ping_status":"open","sticky":false,"template":"","format":"standard","meta":{"footnotes":""},"categories":[17],"tags":[],"class_list":["post-2496","post","type-post","status-publish","format-standard","has-post-thumbnail","hentry","category-invitados-adicionales"],"_links":{"self":[{"href":"https:\/\/fifv.cl\/2016\/wp-json\/wp\/v2\/posts\/2496","targetHints":{"allow":["GET"]}}],"collection":[{"href":"https:\/\/fifv.cl\/2016\/wp-json\/wp\/v2\/posts"}],"about":[{"href":"https:\/\/fifv.cl\/2016\/wp-json\/wp\/v2\/types\/post"}],"author":[{"embeddable":true,"href":"https:\/\/fifv.cl\/2016\/wp-json\/wp\/v2\/users\/2"}],"replies":[{"embeddable":true,"href":"https:\/\/fifv.cl\/2016\/wp-json\/wp\/v2\/comments?post=2496"}],"version-history":[{"count":1,"href":"https:\/\/fifv.cl\/2016\/wp-json\/wp\/v2\/posts\/2496\/revisions"}],"predecessor-version":[{"id":2497,"href":"https:\/\/fifv.cl\/2016\/wp-json\/wp\/v2\/posts\/2496\/revisions\/2497"}],"wp:featuredmedia":[{"embeddable":true,"href":"https:\/\/fifv.cl\/2016\/wp-json\/wp\/v2\/media\/2592"}],"wp:attachment":[{"href":"https:\/\/fifv.cl\/2016\/wp-json\/wp\/v2\/media?parent=2496"}],"wp:term":[{"taxonomy":"category","embeddable":true,"href":"https:\/\/fifv.cl\/2016\/wp-json\/wp\/v2\/categories?post=2496"},{"taxonomy":"post_tag","embeddable":true,"href":"https:\/\/fifv.cl\/2016\/wp-json\/wp\/v2\/tags?post=2496"}],"curies":[{"name":"wp","href":"https:\/\/api.w.org\/{rel}","templated":true}]}}