{"id":2498,"date":"2016-10-12T11:07:20","date_gmt":"2016-10-12T14:07:20","guid":{"rendered":"http:\/\/fifv.cl\/2016\/dev\/?p=2498"},"modified":"2016-10-21T10:53:32","modified_gmt":"2016-10-21T13:53:32","slug":"sebastian-moreno","status":"publish","type":"post","link":"https:\/\/fifv.cl\/2016\/sebastian-moreno\/","title":{"rendered":"Sebastian Moreno"},"content":{"rendered":"<p style=\"text-align: justify;\">Documentalista. Entre 1989 y 1992, estudia la carrera de comunicaci\u00f3n audiovisual en la escuela de las artes y de la comunicaci\u00f3n (ARCOS).\u00a0En 2006 estrena su primer largometraje documental \u201cLa Ciudad de los\u00a0Fot\u00f3grafos\u201d, un film \u00e9pico sobre la fotograf\u00eda en tiempos de Pinochet, nominado\u00a0en la\u00a0DFA 2006, Festival de Cine de Valpara\u00edso\u00a02007, Festival Tricontinental de Mil\u00e1n 2007\u00a0y\u00a0Festival Internacional de Ir\u00e1n).\u00a0En 2010, en colaboraci\u00f3n con Ricardo Larra\u00edn, es comisionado para registrar la\u00a0tragedia y la reconstrucci\u00f3n de una comunidad golpeada por el\u00a0feroz terremoto y posterior tsunami que devast\u00f3 la regi\u00f3n del Maule, en la pel\u00edcula \u201cMauchos\u201d (2011). El 2015 en co\u2013direccci\u00f3n junto\u00a0a Claudia Barril, estrena \u201cHabeas Corpus\u201d, documental que narra, la historia de\u00a0la contrainteligencia en las oficinas de la Vicar\u00eda de la Solidaridad.\u00a0Actualmente Moreno se encuentra finalizando \u201cGuerrero\u201d, un proyecto \u00a0donde recoge la particular historia de vida de Manuel Guerrero. Tambi\u00e9n se\u00a0encuentra comenzando el rodaje del largometraje documental sobre el fot\u00f3grafo\u00a0Sergio Larrain, \u00fanico chileno en formar parte de la prestigiosa agencia MAGNUM.<\/p>\n","protected":false},"excerpt":{"rendered":"<p>Documentalista. Entre 1989 y 1992, estudia la carrera de comunicaci\u00f3n audiovisual en la escuela de las artes y de la comunicaci\u00f3n (ARCOS).\u00a0En 2006 estrena su primer largometraje documental \u201cLa Ciudad [&hellip;]<\/p>\n","protected":false},"author":2,"featured_media":2989,"comment_status":"closed","ping_status":"open","sticky":false,"template":"","format":"standard","meta":{"footnotes":""},"categories":[2,17],"tags":[],"class_list":["post-2498","post","type-post","status-publish","format-standard","has-post-thumbnail","hentry","category-dialogos-fotograficos","category-invitados-adicionales"],"_links":{"self":[{"href":"https:\/\/fifv.cl\/2016\/wp-json\/wp\/v2\/posts\/2498","targetHints":{"allow":["GET"]}}],"collection":[{"href":"https:\/\/fifv.cl\/2016\/wp-json\/wp\/v2\/posts"}],"about":[{"href":"https:\/\/fifv.cl\/2016\/wp-json\/wp\/v2\/types\/post"}],"author":[{"embeddable":true,"href":"https:\/\/fifv.cl\/2016\/wp-json\/wp\/v2\/users\/2"}],"replies":[{"embeddable":true,"href":"https:\/\/fifv.cl\/2016\/wp-json\/wp\/v2\/comments?post=2498"}],"version-history":[{"count":3,"href":"https:\/\/fifv.cl\/2016\/wp-json\/wp\/v2\/posts\/2498\/revisions"}],"predecessor-version":[{"id":3593,"href":"https:\/\/fifv.cl\/2016\/wp-json\/wp\/v2\/posts\/2498\/revisions\/3593"}],"wp:featuredmedia":[{"embeddable":true,"href":"https:\/\/fifv.cl\/2016\/wp-json\/wp\/v2\/media\/2989"}],"wp:attachment":[{"href":"https:\/\/fifv.cl\/2016\/wp-json\/wp\/v2\/media?parent=2498"}],"wp:term":[{"taxonomy":"category","embeddable":true,"href":"https:\/\/fifv.cl\/2016\/wp-json\/wp\/v2\/categories?post=2498"},{"taxonomy":"post_tag","embeddable":true,"href":"https:\/\/fifv.cl\/2016\/wp-json\/wp\/v2\/tags?post=2498"}],"curies":[{"name":"wp","href":"https:\/\/api.w.org\/{rel}","templated":true}]}}