{"id":2512,"date":"2016-10-12T12:04:13","date_gmt":"2016-10-12T15:04:13","guid":{"rendered":"http:\/\/fifv.cl\/2016\/dev\/?p=2512"},"modified":"2016-10-21T10:59:39","modified_gmt":"2016-10-21T13:59:39","slug":"silvia-omedes","status":"publish","type":"post","link":"https:\/\/fifv.cl\/2016\/silvia-omedes\/","title":{"rendered":"Silvia Omedes"},"content":{"rendered":"<p style=\"text-align: justify;\">Silvia Omedes es una curadora independiente, editora de im\u00e1genes, y profesora de fotograf\u00eda documental. En 2001 fund\u00f3 y se convirti\u00f3 la directora de la Fundaci\u00f3n Social Vision fotogr\u00e1fico en Barcelona, una plataforma sin fines de lucro que apoya el fotoperiodismo a trav\u00e9s de la creaci\u00f3n y coordinaci\u00f3n de exposiciones fotogr\u00e1ficas de alta calidad, conferencias y talleres.<br \/>\nEn la actualidad trabaja como curadora independiente para espacios privados y p\u00fablicos en Espa\u00f1a y como editora freelance de fotograf\u00eda en la editorial Blume Editorial.<br \/>\nSilvia tambi\u00e9n combina conferencias de visita en la fotograf\u00eda documental en la Universidad Aut\u00f3noma de Barcelona (UAB), el Instituto de Dise\u00f1o Europeo (IED) en Madrid, y en la Escuela de Arte Gris de fotograf\u00eda en Barcelona.<br \/>\nEs directora del Festival DOCFIELD en Barcelona.<\/p>\n","protected":false},"excerpt":{"rendered":"<p>Silvia Omedes es una curadora independiente, editora de im\u00e1genes, y profesora de fotograf\u00eda documental. En 2001 fund\u00f3 y se convirti\u00f3 la directora de la Fundaci\u00f3n Social Vision fotogr\u00e1fico en Barcelona, [&hellip;]<\/p>\n","protected":false},"author":2,"featured_media":2513,"comment_status":"closed","ping_status":"open","sticky":false,"template":"","format":"standard","meta":{"footnotes":""},"categories":[2,17],"tags":[],"class_list":["post-2512","post","type-post","status-publish","format-standard","has-post-thumbnail","hentry","category-dialogos-fotograficos","category-invitados-adicionales"],"_links":{"self":[{"href":"https:\/\/fifv.cl\/2016\/wp-json\/wp\/v2\/posts\/2512","targetHints":{"allow":["GET"]}}],"collection":[{"href":"https:\/\/fifv.cl\/2016\/wp-json\/wp\/v2\/posts"}],"about":[{"href":"https:\/\/fifv.cl\/2016\/wp-json\/wp\/v2\/types\/post"}],"author":[{"embeddable":true,"href":"https:\/\/fifv.cl\/2016\/wp-json\/wp\/v2\/users\/2"}],"replies":[{"embeddable":true,"href":"https:\/\/fifv.cl\/2016\/wp-json\/wp\/v2\/comments?post=2512"}],"version-history":[{"count":2,"href":"https:\/\/fifv.cl\/2016\/wp-json\/wp\/v2\/posts\/2512\/revisions"}],"predecessor-version":[{"id":3597,"href":"https:\/\/fifv.cl\/2016\/wp-json\/wp\/v2\/posts\/2512\/revisions\/3597"}],"wp:featuredmedia":[{"embeddable":true,"href":"https:\/\/fifv.cl\/2016\/wp-json\/wp\/v2\/media\/2513"}],"wp:attachment":[{"href":"https:\/\/fifv.cl\/2016\/wp-json\/wp\/v2\/media?parent=2512"}],"wp:term":[{"taxonomy":"category","embeddable":true,"href":"https:\/\/fifv.cl\/2016\/wp-json\/wp\/v2\/categories?post=2512"},{"taxonomy":"post_tag","embeddable":true,"href":"https:\/\/fifv.cl\/2016\/wp-json\/wp\/v2\/tags?post=2512"}],"curies":[{"name":"wp","href":"https:\/\/api.w.org\/{rel}","templated":true}]}}