{"id":2517,"date":"2016-10-12T12:07:51","date_gmt":"2016-10-12T15:07:51","guid":{"rendered":"http:\/\/fifv.cl\/2016\/dev\/?p=2517"},"modified":"2016-10-20T22:12:07","modified_gmt":"2016-10-21T01:12:07","slug":"fernando-acena-2","status":"publish","type":"post","link":"https:\/\/fifv.cl\/2016\/fernando-acena-2\/","title":{"rendered":"Fernando Ace\u00f1a"},"content":{"rendered":"<p>Nacido en la provincia de Soria (Espa\u00f1a) el a\u00f1o 1975.\u00a0A mediados de los 90, viaja a Barcelona para estudiar fotograf\u00eda en la Escuela de Artes Josep Serra i Abella.\u00a0En el a\u00f1o 2000, traslada su residencia a Chile y participa en la creaci\u00f3n y direcci\u00f3n de Camaralucida, escuela y estudio de fotograf\u00eda con sede en Valpara\u00edso.\u00a0En la actualidad, se encuentra en un nuevo proyecto de trabajo y vida, el \u201cMuseo Interactivo dela Luz\u201d, veh\u00edculo equipado como casa-escuela-taller, que permite realizar labores fotogr\u00e1ficas itinerantes. Casi dos a\u00f1os se cumplen de traves\u00eda , durante el festival se comunicara desde Per\u00fa para contarnos las novedades del viaje.<\/p>\n","protected":false},"excerpt":{"rendered":"<p>Nacido en la provincia de Soria (Espa\u00f1a) el a\u00f1o 1975.\u00a0A mediados de los 90, viaja a Barcelona para estudiar fotograf\u00eda en la Escuela de Artes Josep Serra i Abella.\u00a0En el [&hellip;]<\/p>\n","protected":false},"author":2,"featured_media":2518,"comment_status":"closed","ping_status":"open","sticky":false,"template":"","format":"aside","meta":{"footnotes":""},"categories":[2,17],"tags":[],"class_list":["post-2517","post","type-post","status-publish","format-aside","has-post-thumbnail","hentry","category-dialogos-fotograficos","category-invitados-adicionales","post_format-post-format-aside"],"_links":{"self":[{"href":"https:\/\/fifv.cl\/2016\/wp-json\/wp\/v2\/posts\/2517","targetHints":{"allow":["GET"]}}],"collection":[{"href":"https:\/\/fifv.cl\/2016\/wp-json\/wp\/v2\/posts"}],"about":[{"href":"https:\/\/fifv.cl\/2016\/wp-json\/wp\/v2\/types\/post"}],"author":[{"embeddable":true,"href":"https:\/\/fifv.cl\/2016\/wp-json\/wp\/v2\/users\/2"}],"replies":[{"embeddable":true,"href":"https:\/\/fifv.cl\/2016\/wp-json\/wp\/v2\/comments?post=2517"}],"version-history":[{"count":2,"href":"https:\/\/fifv.cl\/2016\/wp-json\/wp\/v2\/posts\/2517\/revisions"}],"predecessor-version":[{"id":2721,"href":"https:\/\/fifv.cl\/2016\/wp-json\/wp\/v2\/posts\/2517\/revisions\/2721"}],"wp:featuredmedia":[{"embeddable":true,"href":"https:\/\/fifv.cl\/2016\/wp-json\/wp\/v2\/media\/2518"}],"wp:attachment":[{"href":"https:\/\/fifv.cl\/2016\/wp-json\/wp\/v2\/media?parent=2517"}],"wp:term":[{"taxonomy":"category","embeddable":true,"href":"https:\/\/fifv.cl\/2016\/wp-json\/wp\/v2\/categories?post=2517"},{"taxonomy":"post_tag","embeddable":true,"href":"https:\/\/fifv.cl\/2016\/wp-json\/wp\/v2\/tags?post=2517"}],"curies":[{"name":"wp","href":"https:\/\/api.w.org\/{rel}","templated":true}]}}