{"id":2522,"date":"2016-10-12T12:14:25","date_gmt":"2016-10-12T15:14:25","guid":{"rendered":"http:\/\/fifv.cl\/2016\/dev\/?p=2522"},"modified":"2016-10-21T10:57:13","modified_gmt":"2016-10-21T13:57:13","slug":"santiago-escobar-jaramillo","status":"publish","type":"post","link":"https:\/\/fifv.cl\/2016\/santiago-escobar-jaramillo\/","title":{"rendered":"Santiago Escobar-Jaramillo"},"content":{"rendered":"<p style=\"text-align: justify;\">Arquitecto de la Universidad Nacional de Colombia; Maestr\u00eda en Fotograf\u00eda y Culturas Urbanas, Goldsmiths College-University of London, con proyectos en \u00c1frica, Asia, Sur Am\u00e9rica, Europa y Estados Unidos; Ha participado\u00a0en numerosas exposiciones y Festivales Internacionales, como: 42 Sal\u00f3n Nacional de Artistas; Fototeca de Cuba, festival de Estambul, Venecia, Lima, Oaxaca, Montevideo, El Salvador, Paraty, San Jos\u00e9, Santiago de Quer\u00e9taro y Fotogr\u00e1fica Bogot\u00e1 2011. Ha publicado varios libros: \u00abColombia Solidaria\u00bb, \u00abApartamentos Bogot\u00e1\u00bb y \u00abFormas de Hacer Ciudad: 1913-2013\u00bb; \u00abLondon, gap my mind\u00bb y \u00abFiestas de San Pancho de +1\u00bb y auto publicado \u00abElefante Blanco\u00bb. Tambi\u00e9n se ha desempe\u00f1ado como conferencista, jurado, profesor y tallerista para National Geographic Student Expeditions, Fujifilm, ACNUR-ONU, y varios otros.<\/p>\n","protected":false},"excerpt":{"rendered":"<p>Arquitecto de la Universidad Nacional de Colombia; Maestr\u00eda en Fotograf\u00eda y Culturas Urbanas, Goldsmiths College-University of London, con proyectos en \u00c1frica, Asia, Sur Am\u00e9rica, Europa y Estados Unidos; Ha participado\u00a0en [&hellip;]<\/p>\n","protected":false},"author":2,"featured_media":2523,"comment_status":"closed","ping_status":"open","sticky":false,"template":"","format":"standard","meta":{"footnotes":""},"categories":[2,17],"tags":[],"class_list":["post-2522","post","type-post","status-publish","format-standard","has-post-thumbnail","hentry","category-dialogos-fotograficos","category-invitados-adicionales"],"_links":{"self":[{"href":"https:\/\/fifv.cl\/2016\/wp-json\/wp\/v2\/posts\/2522","targetHints":{"allow":["GET"]}}],"collection":[{"href":"https:\/\/fifv.cl\/2016\/wp-json\/wp\/v2\/posts"}],"about":[{"href":"https:\/\/fifv.cl\/2016\/wp-json\/wp\/v2\/types\/post"}],"author":[{"embeddable":true,"href":"https:\/\/fifv.cl\/2016\/wp-json\/wp\/v2\/users\/2"}],"replies":[{"embeddable":true,"href":"https:\/\/fifv.cl\/2016\/wp-json\/wp\/v2\/comments?post=2522"}],"version-history":[{"count":5,"href":"https:\/\/fifv.cl\/2016\/wp-json\/wp\/v2\/posts\/2522\/revisions"}],"predecessor-version":[{"id":3596,"href":"https:\/\/fifv.cl\/2016\/wp-json\/wp\/v2\/posts\/2522\/revisions\/3596"}],"wp:featuredmedia":[{"embeddable":true,"href":"https:\/\/fifv.cl\/2016\/wp-json\/wp\/v2\/media\/2523"}],"wp:attachment":[{"href":"https:\/\/fifv.cl\/2016\/wp-json\/wp\/v2\/media?parent=2522"}],"wp:term":[{"taxonomy":"category","embeddable":true,"href":"https:\/\/fifv.cl\/2016\/wp-json\/wp\/v2\/categories?post=2522"},{"taxonomy":"post_tag","embeddable":true,"href":"https:\/\/fifv.cl\/2016\/wp-json\/wp\/v2\/tags?post=2522"}],"curies":[{"name":"wp","href":"https:\/\/api.w.org\/{rel}","templated":true}]}}