{"id":2578,"date":"2016-10-12T17:35:12","date_gmt":"2016-10-12T20:35:12","guid":{"rendered":"http:\/\/fifv.cl\/2016\/dev\/?p=2578"},"modified":"2016-10-31T19:42:34","modified_gmt":"2016-10-31T22:42:34","slug":"exposicion-predio-marconi-de-javier-alvarez","status":"publish","type":"post","link":"https:\/\/fifv.cl\/2016\/exposicion-predio-marconi-de-javier-alvarez\/","title":{"rendered":"\u00abPredio (Marconi)\u00bb de Javier \u00c1lvarez"},"content":{"rendered":"<p style=\"text-align: justify;\"><strong>Inauguraci\u00f3n: 31 de octubre a las 12:00 horas.<br \/>\n<\/strong><strong>Casa Plan, Av.\u00a0Brasil 1490.<br \/>\n<\/strong><strong>Abierto al p\u00fablico desde el 31 de octubre al 30 de noviembre.<br \/>\n<\/strong><strong>Exposici\u00f3n ganadora del Premio Visionado de Portafolio FIFV 2015.<\/strong><\/p>\n<p style=\"text-align: justify;\">Durante la d\u00e9cada del noventa, movimientos sociales proletarios comienzan a\u00a0ocupar edificios vac\u00edos del centro de la ciudad de S\u00e3o Paulo, Brasil. Hoy, ya\u00a0son mas de 40 diferentes movimientos en todo el pa\u00eds, que ocupan centenares\u00a0de propiedades abandonadas con familias, inmigrantes y\/o trabajadores.<\/p>\n<p style=\"text-align: justify;\">En los 13 pisos de la ocupaci\u00f3n Marconi, viven casi 400 personas a la espera de una soluci\u00f3n habitacional digna. Dentro de ella, la noci\u00f3n de hogar\u00a0(espacio de relaciones emocionales y de identidad), se vuelve fr\u00e1gil entre los\u00a0recuerdos y las expectativas de un futuro m\u00e1s estable. Marconi es un lugar\u00a0donde las historias de vida comparten experiencias en torno a la nostalgia y la\u00a0p\u00e9rdida.<\/p>\n<p style=\"text-align: justify;\"><a class=\"more-link\" href=\"http:\/\/fifv.cl\/2016\/predio-marconi-de-javier-alvarez-galeria\/\">Ver Galer\u00eda<\/a><\/p>\n","protected":false},"excerpt":{"rendered":"<p>Inauguraci\u00f3n: 31 de octubre a las 12:00 horas.<br \/>\nCasa Plan, Av. Brasil 1490.<br \/>\nAbierto al p\u00fablico desde el 31 de octubre al 30 de noviembre.<br \/>\nExposici\u00f3n ganadora del Premio Visionado de Portafolio FIFV 2015.<\/p>\n<p>Durante la d\u00e9cada del noventa, movimientos sociales proletarios comienzan a ocupar edificios vac\u00edos del centro de la ciudad de S\u00e3o Paulo, Brasil. Hoy, ya son mas de 40 diferentes movimientos en todo el pa\u00eds, que ocupan centenares de propiedades abandonadas con familias, inmigrantes y\/o trabajadores.<\/p>\n","protected":false},"author":2,"featured_media":4397,"comment_status":"closed","ping_status":"open","sticky":false,"template":"","format":"standard","meta":{"footnotes":""},"categories":[3],"tags":[],"class_list":["post-2578","post","type-post","status-publish","format-standard","has-post-thumbnail","hentry","category-expo-adicionales"],"_links":{"self":[{"href":"https:\/\/fifv.cl\/2016\/wp-json\/wp\/v2\/posts\/2578","targetHints":{"allow":["GET"]}}],"collection":[{"href":"https:\/\/fifv.cl\/2016\/wp-json\/wp\/v2\/posts"}],"about":[{"href":"https:\/\/fifv.cl\/2016\/wp-json\/wp\/v2\/types\/post"}],"author":[{"embeddable":true,"href":"https:\/\/fifv.cl\/2016\/wp-json\/wp\/v2\/users\/2"}],"replies":[{"embeddable":true,"href":"https:\/\/fifv.cl\/2016\/wp-json\/wp\/v2\/comments?post=2578"}],"version-history":[{"count":12,"href":"https:\/\/fifv.cl\/2016\/wp-json\/wp\/v2\/posts\/2578\/revisions"}],"predecessor-version":[{"id":4457,"href":"https:\/\/fifv.cl\/2016\/wp-json\/wp\/v2\/posts\/2578\/revisions\/4457"}],"wp:featuredmedia":[{"embeddable":true,"href":"https:\/\/fifv.cl\/2016\/wp-json\/wp\/v2\/media\/4397"}],"wp:attachment":[{"href":"https:\/\/fifv.cl\/2016\/wp-json\/wp\/v2\/media?parent=2578"}],"wp:term":[{"taxonomy":"category","embeddable":true,"href":"https:\/\/fifv.cl\/2016\/wp-json\/wp\/v2\/categories?post=2578"},{"taxonomy":"post_tag","embeddable":true,"href":"https:\/\/fifv.cl\/2016\/wp-json\/wp\/v2\/tags?post=2578"}],"curies":[{"name":"wp","href":"https:\/\/api.w.org\/{rel}","templated":true}]}}