{"id":2667,"date":"2016-10-14T13:32:35","date_gmt":"2016-10-14T16:32:35","guid":{"rendered":"http:\/\/fifv.cl\/2016\/dev\/?p=2667"},"modified":"2016-10-14T13:32:35","modified_gmt":"2016-10-14T16:32:35","slug":"dona-visitacion","status":"publish","type":"post","link":"https:\/\/fifv.cl\/2016\/dona-visitacion\/","title":{"rendered":"Do\u00f1a-Visitaci\u00f3n"},"content":{"rendered":"<p><span style=\"font-weight: 400;\">Para finalizar el recorrido por la Sala de Artes Visuales del PCdV, el FIFV mostrar\u00e1 al p\u00fablico una imagen in\u00e9dita de gran formato realizada alrededor de 1930, y que representa un retrato pintado de una mujer colgando flores llamada \u201cDo\u00f1a Visitaci\u00f3n\u201d.<\/span><!--more--><\/p>\n<p><span style=\"font-weight: 400;\">Durante la 3\u00aa edici\u00f3n del Festival Internacional de Fotograf\u00eda de Valpara\u00edso (2013), se descubri\u00f3 y se trabaj\u00f3 sobre el archivo fotogr\u00e1fico del anticuario porte\u00f1o Alfredo Nebreda, due\u00f1o de una colecci\u00f3n de 15.000 fotograf\u00edas de Valpara\u00edso registradas desde 1870 en adelante. Este original fue donado por Nebreda al archivo del festival por su importancia hist\u00f3rica y belleza \u00fanica.<\/span><\/p>\n<p><strong><i>Sala de Artes Visuales del Parque Cultural de Valpara\u00edso.<\/i><\/strong><\/p>\n<p><strong><i>29 de octubre.<\/i><\/strong><\/p>\n","protected":false},"excerpt":{"rendered":"<p>Para finalizar el recorrido por la Sala de Artes Visuales del PCdV, el FIFV mostrar\u00e1 al p\u00fablico una imagen in\u00e9dita de gran formato realizada alrededor de 1930, y que representa [&hellip;]<\/p>\n","protected":false},"author":2,"featured_media":2604,"comment_status":"closed","ping_status":"open","sticky":false,"template":"","format":"standard","meta":{"footnotes":""},"categories":[],"tags":[],"class_list":["post-2667","post","type-post","status-publish","format-standard","has-post-thumbnail","hentry"],"_links":{"self":[{"href":"https:\/\/fifv.cl\/2016\/wp-json\/wp\/v2\/posts\/2667","targetHints":{"allow":["GET"]}}],"collection":[{"href":"https:\/\/fifv.cl\/2016\/wp-json\/wp\/v2\/posts"}],"about":[{"href":"https:\/\/fifv.cl\/2016\/wp-json\/wp\/v2\/types\/post"}],"author":[{"embeddable":true,"href":"https:\/\/fifv.cl\/2016\/wp-json\/wp\/v2\/users\/2"}],"replies":[{"embeddable":true,"href":"https:\/\/fifv.cl\/2016\/wp-json\/wp\/v2\/comments?post=2667"}],"version-history":[{"count":1,"href":"https:\/\/fifv.cl\/2016\/wp-json\/wp\/v2\/posts\/2667\/revisions"}],"predecessor-version":[{"id":2668,"href":"https:\/\/fifv.cl\/2016\/wp-json\/wp\/v2\/posts\/2667\/revisions\/2668"}],"wp:featuredmedia":[{"embeddable":true,"href":"https:\/\/fifv.cl\/2016\/wp-json\/wp\/v2\/media\/2604"}],"wp:attachment":[{"href":"https:\/\/fifv.cl\/2016\/wp-json\/wp\/v2\/media?parent=2667"}],"wp:term":[{"taxonomy":"category","embeddable":true,"href":"https:\/\/fifv.cl\/2016\/wp-json\/wp\/v2\/categories?post=2667"},{"taxonomy":"post_tag","embeddable":true,"href":"https:\/\/fifv.cl\/2016\/wp-json\/wp\/v2\/tags?post=2667"}],"curies":[{"name":"wp","href":"https:\/\/api.w.org\/{rel}","templated":true}]}}