{"id":3610,"date":"2016-10-27T22:15:18","date_gmt":"2016-10-28T01:15:18","guid":{"rendered":"http:\/\/fifv.cl\/2016\/?p=3610"},"modified":"2016-10-29T01:26:27","modified_gmt":"2016-10-29T04:26:27","slug":"comunicado-de-prensa","status":"publish","type":"post","link":"https:\/\/fifv.cl\/2016\/comunicado-de-prensa\/","title":{"rendered":"Comunicado de prensa"},"content":{"rendered":"<p><strong>El s\u00e1bado 29 de octubre a las 19:30 horas se dar\u00e1 inicio a la 7\u00aa edici\u00f3n del Festival Internacional de Fotograf\u00eda en Valpara\u00edso FIFV, este a\u00f1o contar\u00e1 con m\u00e1s de 50 expositores de distintas nacionalidades, conferencias, lanzamientos de libros y otras actividades.<\/strong><\/p>\n<p>Dentro de la variada cartelera de actividades que el FIFV ofrecer\u00e1 durante todo un mes, se encuentran un gran n\u00famero de exposiciones que se inaugurar\u00e1n entre los d\u00edas 29 de octubre y 5 de noviembre y que estar\u00e1n abiertas al p\u00fablico hasta el 27 de noviembre.<\/p>\n<p>La muestra inaugural de este a\u00f1o, \u201cValpara\u00edso\u201d, ser\u00e1 en el Parque Cultural de Valpara\u00edso y re\u00fane el trabajo de cinco fot\u00f3grafos europeos que participaron de las residencias FIFV en esta ciudad durante los a\u00f1os 2013 al 2015: <strong>Juan Manuel Castro Prieto (Premio Nacional de Fotograf\u00eda en Espa\u00f1a 2015), Claudine Doury, Gilles Favier, Bertrand Meunier y Paolo Verzone.\u00a0<\/strong><\/p>\n<p><a href=\"http:\/\/fifv.cl\/2016\/wp-content\/uploads\/2016\/10\/Comunicado-FIFV-2016.docx\">Descargar Comunicado Oficial<\/a><\/p>\n<p><a href=\"http:\/\/fifv.cl\/2016\/comunicado-de-prensa-galeria\/\">Ver Galer\u00eda<\/a><\/p>\n","protected":false},"excerpt":{"rendered":"<p>El s\u00e1bado 29 de octubre a las 19:30 horas se dar\u00e1 inicio a la 7\u00aa edici\u00f3n del Festival Internacional de Fotograf\u00eda en Valpara\u00edso FIFV, este a\u00f1o contar\u00e1 con m\u00e1s de [&hellip;]<\/p>\n","protected":false},"author":2,"featured_media":0,"comment_status":"closed","ping_status":"open","sticky":false,"template":"","format":"standard","meta":{"footnotes":""},"categories":[23],"tags":[],"class_list":["post-3610","post","type-post","status-publish","format-standard","hentry","category-prensa"],"_links":{"self":[{"href":"https:\/\/fifv.cl\/2016\/wp-json\/wp\/v2\/posts\/3610","targetHints":{"allow":["GET"]}}],"collection":[{"href":"https:\/\/fifv.cl\/2016\/wp-json\/wp\/v2\/posts"}],"about":[{"href":"https:\/\/fifv.cl\/2016\/wp-json\/wp\/v2\/types\/post"}],"author":[{"embeddable":true,"href":"https:\/\/fifv.cl\/2016\/wp-json\/wp\/v2\/users\/2"}],"replies":[{"embeddable":true,"href":"https:\/\/fifv.cl\/2016\/wp-json\/wp\/v2\/comments?post=3610"}],"version-history":[{"count":19,"href":"https:\/\/fifv.cl\/2016\/wp-json\/wp\/v2\/posts\/3610\/revisions"}],"predecessor-version":[{"id":4192,"href":"https:\/\/fifv.cl\/2016\/wp-json\/wp\/v2\/posts\/3610\/revisions\/4192"}],"wp:attachment":[{"href":"https:\/\/fifv.cl\/2016\/wp-json\/wp\/v2\/media?parent=3610"}],"wp:term":[{"taxonomy":"category","embeddable":true,"href":"https:\/\/fifv.cl\/2016\/wp-json\/wp\/v2\/categories?post=3610"},{"taxonomy":"post_tag","embeddable":true,"href":"https:\/\/fifv.cl\/2016\/wp-json\/wp\/v2\/tags?post=3610"}],"curies":[{"name":"wp","href":"https:\/\/api.w.org\/{rel}","templated":true}]}}