{"id":3632,"date":"2016-10-21T22:12:19","date_gmt":"2016-10-22T01:12:19","guid":{"rendered":"http:\/\/fifv.cl\/2016\/?p=3632"},"modified":"2016-11-18T10:53:08","modified_gmt":"2016-11-18T13:53:08","slug":"rodrigo-gomez-rovira-director-fifv","status":"publish","type":"post","link":"https:\/\/fifv.cl\/2016\/rodrigo-gomez-rovira-director-fifv\/","title":{"rendered":"Rodrigo G\u00f3mez Rovira, Director FIFV"},"content":{"rendered":"<p style=\"text-align: justify;\"><em><strong>\u201cEl foto-libro como formato ha sido un pilar fundamental del desarrollo del Festival\u201d se\u00f1ala Rodrigo G\u00f3mez\u00a0Rovira, director del FIFV donde adem\u00e1s\u00a0nos cuenta sobre la experiencia, consolidaci\u00f3n\u00a0 y avances que ha tenido el festival durante los \u00faltimos\u00a0a\u00f1os.\u00a0<\/strong><\/em><\/p>\n<p style=\"text-align: justify;\">Rodrigo G\u00f3mez Rovira actualmente se desempe\u00f1a como director del Festival Internacional de Fotograf\u00eda en Valpara\u00edso, certamen que va en su s\u00e9ptima edici\u00f3n y que fue el primero de su tipo en nuestro pa\u00eds. \u00a0\u00abCreemos que cada libro es un trozo de la humanidad y la fotograf\u00eda es una disciplina que abarca todos los \u00e1mbitos de lo humano: lo est\u00e9tico, lo pol\u00edtico, lo hist\u00f3rico, etc. Cada fotolibro es un mundo en s\u00ed mismo y tener la posibilidad de verlos uno tras otro en muestra del Parque Cultural de Valpara\u00edso, da cuenta del alcance que tiene la fotograf\u00eda sobre su \u00e9poca\u00bb.<!--more--><\/p>\n<p style=\"text-align: justify;\"><strong>\u00bfC\u00f3mo ves la evoluci\u00f3n que ha tenido el FIFV desde sus comienzos en el 2010?<\/strong><\/p>\n<p style=\"text-align: justify;\">Sin duda el Festival ya se instal\u00f3 como un encuentro en torno a la fotograf\u00eda en Chile, pero tambi\u00e9n m\u00e1s all\u00e1 de nuestras fronteras. Eso se refleja en diferentes relaciones de amistad y de trabajo que consolidamos con otras instituciones en el mundo, en particular con el Festival \u201cImages Singuli\u00e8res\u201d de S\u00e8te, Francia y \u201cCMYK\u201d de Montevideo, Uruguay, \u00a0la Escuela EFTI de Espa\u00f1a y organizaciones como CenFoto. El Festival sigue con la inquietud y energ\u00eda de sentirse parte de un sistema que no se limita solamente a lo que sucede en Valpara\u00edso, sino que tiene la ilusi\u00f3n y deseo de relacionarse m\u00e1s all\u00e1 de nuestros confines.<\/p>\n<p style=\"text-align: justify;\">Este 2016 hemos afianzado nuestras alianzas con espacios de exposici\u00f3n como Casa Plan, Teatro Condell, El Internado, Dinamarca 399, as\u00ed como con festivales de otras disciplinas art\u00edsticas como Tsonami y Teatro Container, dialogo que se ha formalizado y genera un cruce cuya finalidad es provocar encuentros para la creaci\u00f3n.<\/p>\n<p style=\"text-align: justify;\"><strong>\u00bfQu\u00e9 novedades trae la muestra central de este a\u00f1o?<\/strong><\/p>\n<p style=\"text-align: justify;\">La muestra que inauguraremos en el Parque Cultural de Valpara\u00edso tiene un car\u00e1cter distinto a a\u00f1os anteriores, porque si bien ser\u00e1 el resultado de las residencias de artistas y pondr\u00e1 el acento en los procesos, este a\u00f1o habr\u00e1 miradas espec\u00edficas sobre Valpara\u00edso, enfocadas en peque\u00f1os detalles de nuestra ciudad. Eso permitir\u00e1 un entendimiento de nuestra propia identidad desde tem\u00e1ticas muy precisas. A medida que pasan los a\u00f1os y volvemos \u201cal ataque\u201d, o como llamamos al proceso de tratar de entender lo que sucede en el mundo a trav\u00e9s de nuestra realidad como porte\u00f1os, se constituye un archivo testimonial de nuestra contemporaneidad, entendiendo que el presente de Valpara\u00edso es una mezcla de su pasado y su futuro.<\/p>\n<p style=\"text-align: justify;\">\n<p style=\"text-align: justify;\"><strong>El pasado mes de septiembre cerraron las postulaciones a los workshops y Brigadas FIFV con gran convocatoria. \u00bfQu\u00e9 puedes adelantar al respecto?<\/strong><\/p>\n<p style=\"text-align: justify;\">Contaremos con workshops que dictar\u00e1n fot\u00f3grafos de gran \u00a0experiencia, con la particularidad que son encuentros horizontales, donde el maestro trabaja a la par de los talleristas. Esta es nuestra din\u00e1mica de aprendizaje y nuestro sello como FIFV. El trabajo de nuestras Brigadas tambi\u00e9n tiene una marca \u00fanica, son instancias en que los fot\u00f3grafos se relacionan con la comunidad, los barrios y la ciudad, un hecho muy estimulante porque permite dialogar con la fotograf\u00eda en temas esenciales de la vida cotidiana. El hecho de exponer el trabajo de las Brigadas en el espacio p\u00fablico y las plazas m\u00e1s importantes de Valpara\u00edso es de gran valor \u00a0y permite que la gente que no tiene el h\u00e1bito de ir a exposiciones, se vea enfrentada a estas im\u00e1genes en su tr\u00e1nsito por la ciudad. Im\u00e1genes que no pretenden ser postales sino una reflexi\u00f3n sobre nosotros mismos.<\/p>\n<p style=\"text-align: justify;\"><strong>Una de las exhibiciones m\u00e1s visitadas del FIFV pasado fue la Muestra de Fotolibros Latinoamericanos. \u00bfCon qu\u00e9 se encontrar\u00e1n los asistentes al festival en esta oportunidad?<\/strong><\/p>\n<p style=\"text-align: justify;\">El fotolibro como formato ha sido un pilar fundamental del desarrollo del Festival. Abre la posibilidad de comunicar y construir una narrativa y sirve como archivo tambi\u00e9n. Nos hemos preocupado de llevar nuestros ejercicios de fotograf\u00eda colectiva a la publicaci\u00f3n y el hecho de hoy contar con la Biblioteca y Librer\u00eda FIFV es una manera de compartir con nuestro p\u00fablico. Este a\u00f1o, la biblioteca se ampliar\u00e1 con una nueva donaci\u00f3n proveniente de la Asociaci\u00f3n Francesa de Editores de Fotolibros \u201cPhotobook Social Club\u201d, que tambi\u00e9n formar\u00e1 parte de nuestra exposici\u00f3n central.<\/p>\n<p style=\"text-align: justify;\">Creemos que cada libro es un trozo de la humanidad y la fotograf\u00eda es una disciplina que abarca todos los \u00e1mbitos de lo humano: lo est\u00e9tico, lo pol\u00edtico, lo hist\u00f3rico, etc. Cada fotolibro es un mundo en s\u00ed mismo y tener la posibilidad de verlos uno tras otro en muestra del Parque Cultural de Valpara\u00edso, da cuenta del alcance que tiene la fotograf\u00eda sobre su \u00e9poca.<\/p>\n<p style=\"text-align: justify;\">\n<p style=\"text-align: justify;\"><a href=\"http:\/\/fifv.cl\/2016\/wp-content\/uploads\/2016\/10\/Rodrigo-Gomez-Rovira-Director-FIFV-1.jpg\" target=\"_blank\">Fotograf\u00eda, Rodrigo G\u00f3mez-Rovira<\/a><\/p>\n","protected":false},"excerpt":{"rendered":"<p>\u201cEl foto-libro como formato ha sido un pilar fundamental del desarrollo del Festival\u201d se\u00f1ala Rodrigo G\u00f3mez\u00a0Rovira, director del FIFV donde adem\u00e1s\u00a0nos cuenta sobre la experiencia, consolidaci\u00f3n\u00a0 y avances que ha [&hellip;]<\/p>\n","protected":false},"author":2,"featured_media":3924,"comment_status":"closed","ping_status":"open","sticky":false,"template":"","format":"standard","meta":{"footnotes":""},"categories":[10],"tags":[],"class_list":["post-3632","post","type-post","status-publish","format-standard","has-post-thumbnail","hentry","category-noticias"],"_links":{"self":[{"href":"https:\/\/fifv.cl\/2016\/wp-json\/wp\/v2\/posts\/3632","targetHints":{"allow":["GET"]}}],"collection":[{"href":"https:\/\/fifv.cl\/2016\/wp-json\/wp\/v2\/posts"}],"about":[{"href":"https:\/\/fifv.cl\/2016\/wp-json\/wp\/v2\/types\/post"}],"author":[{"embeddable":true,"href":"https:\/\/fifv.cl\/2016\/wp-json\/wp\/v2\/users\/2"}],"replies":[{"embeddable":true,"href":"https:\/\/fifv.cl\/2016\/wp-json\/wp\/v2\/comments?post=3632"}],"version-history":[{"count":17,"href":"https:\/\/fifv.cl\/2016\/wp-json\/wp\/v2\/posts\/3632\/revisions"}],"predecessor-version":[{"id":5266,"href":"https:\/\/fifv.cl\/2016\/wp-json\/wp\/v2\/posts\/3632\/revisions\/5266"}],"wp:featuredmedia":[{"embeddable":true,"href":"https:\/\/fifv.cl\/2016\/wp-json\/wp\/v2\/media\/3924"}],"wp:attachment":[{"href":"https:\/\/fifv.cl\/2016\/wp-json\/wp\/v2\/media?parent=3632"}],"wp:term":[{"taxonomy":"category","embeddable":true,"href":"https:\/\/fifv.cl\/2016\/wp-json\/wp\/v2\/categories?post=3632"},{"taxonomy":"post_tag","embeddable":true,"href":"https:\/\/fifv.cl\/2016\/wp-json\/wp\/v2\/tags?post=3632"}],"curies":[{"name":"wp","href":"https:\/\/api.w.org\/{rel}","templated":true}]}}