{"id":412,"date":"2015-10-22T10:15:41","date_gmt":"2015-10-22T13:15:41","guid":{"rendered":"http:\/\/www.fifv.cl\/2015-final\/?p=412"},"modified":"2016-10-21T10:55:18","modified_gmt":"2016-10-21T13:55:18","slug":"milkocarreno","status":"publish","type":"post","link":"https:\/\/fifv.cl\/2016\/milkocarreno\/","title":{"rendered":"Milko Carre\u00f1o"},"content":{"rendered":"<p style=\"text-align: justify;\">(Rancagua 1973). Fot\u00f3grafo y Director de FEFS, Festival de Fotograf\u00eda de la Sexta Regi\u00f3n. Estudi\u00f3 fotograf\u00eda en la Escuela de Comunicaciones ALPES. Se ha dedicado al fotoperiodismo . Cre\u00f3 en 2012 \u201cImagen Latente\u201d, instituci\u00f3n que dicta talleres gratuitos de fotograf\u00eda. Desde 2013 a la fecha organiza los \u201cCiclos de Conversaciones Fotogr\u00e1ficas\u201d, instancia que invita a destacados fot\u00f3grafos chilenos a exponer sobre su trabajo a la comunidad de la regi\u00f3n de O\u00b4Higgins. En 2014 crea Fotogramas Galer\u00eda, espacio virtual en el que se visibiliza el trabajo de fot\u00f3grafos chilenos.<\/p>\n","protected":false},"excerpt":{"rendered":"<p>(Rancagua 1973). Fot\u00f3grafo y Director de FEFS, Festival de Fotograf\u00eda de la Sexta Regi\u00f3n. Estudi\u00f3 fotograf\u00eda en la Escuela de Comunicaciones ALPES. Se ha dedicado al fotoperiodismo . Cre\u00f3 en [&hellip;]<\/p>\n","protected":false},"author":2,"featured_media":2566,"comment_status":"closed","ping_status":"open","sticky":false,"template":"","format":"standard","meta":{"footnotes":""},"categories":[2,17],"tags":[],"class_list":["post-412","post","type-post","status-publish","format-standard","has-post-thumbnail","hentry","category-dialogos-fotograficos","category-invitados-adicionales"],"_links":{"self":[{"href":"https:\/\/fifv.cl\/2016\/wp-json\/wp\/v2\/posts\/412","targetHints":{"allow":["GET"]}}],"collection":[{"href":"https:\/\/fifv.cl\/2016\/wp-json\/wp\/v2\/posts"}],"about":[{"href":"https:\/\/fifv.cl\/2016\/wp-json\/wp\/v2\/types\/post"}],"author":[{"embeddable":true,"href":"https:\/\/fifv.cl\/2016\/wp-json\/wp\/v2\/users\/2"}],"replies":[{"embeddable":true,"href":"https:\/\/fifv.cl\/2016\/wp-json\/wp\/v2\/comments?post=412"}],"version-history":[{"count":9,"href":"https:\/\/fifv.cl\/2016\/wp-json\/wp\/v2\/posts\/412\/revisions"}],"predecessor-version":[{"id":2660,"href":"https:\/\/fifv.cl\/2016\/wp-json\/wp\/v2\/posts\/412\/revisions\/2660"}],"wp:featuredmedia":[{"embeddable":true,"href":"https:\/\/fifv.cl\/2016\/wp-json\/wp\/v2\/media\/2566"}],"wp:attachment":[{"href":"https:\/\/fifv.cl\/2016\/wp-json\/wp\/v2\/media?parent=412"}],"wp:term":[{"taxonomy":"category","embeddable":true,"href":"https:\/\/fifv.cl\/2016\/wp-json\/wp\/v2\/categories?post=412"},{"taxonomy":"post_tag","embeddable":true,"href":"https:\/\/fifv.cl\/2016\/wp-json\/wp\/v2\/tags?post=412"}],"curies":[{"name":"wp","href":"https:\/\/api.w.org\/{rel}","templated":true}]}}