{"id":422,"date":"2015-10-22T10:19:05","date_gmt":"2015-10-22T13:19:05","guid":{"rendered":"http:\/\/www.fifv.cl\/2015-final\/?p=422"},"modified":"2016-10-14T14:24:06","modified_gmt":"2016-10-14T17:24:06","slug":"javiergodoy","status":"publish","type":"post","link":"https:\/\/fifv.cl\/2016\/javiergodoy\/","title":{"rendered":"Javier Godoy"},"content":{"rendered":"<p><span style=\"font-weight: 400;\">Santiago, 1965.\u00a0<\/span>Fot\u00f3grafo independiente con destacada experiencia en medios de comunicaci\u00f3n y en la realizaci\u00f3n de proyectos\u00a0fotogr\u00e1ficos de autor y documental que han sido, exhibidos, publicados y premiados en Chile y en el extranjero.\u00a0Ha participado de m\u00e1s de 30 exposiciones colectivas\u00a0e individuales, incluida\u00a0su \u00faltima exposici\u00f3n\u00a0individual del\u00a02015 \u00a8Parque\u201d en la Galer\u00eda Bicentenario en el Centro Cultural de la Estaci\u00f3n Mapocho. Ha ganado premios en Chile y Espa\u00f1a y ha sido nominado al Altazor (2017). Cuenta con una extensa experiencia en el fotoperiodismo, adem\u00e1s de ser socio fundador de\u00a0TRIPLE\/agencia de Fotograf\u00eda y Flach Tienda-Galer\u00eda.<\/p>\n","protected":false},"excerpt":{"rendered":"<p>Santiago, 1965.\u00a0Fot\u00f3grafo independiente con destacada experiencia en medios de comunicaci\u00f3n y en la realizaci\u00f3n de proyectos\u00a0fotogr\u00e1ficos de autor y documental que han sido, exhibidos, publicados y premiados en Chile y [&hellip;]<\/p>\n","protected":false},"author":2,"featured_media":2560,"comment_status":"closed","ping_status":"open","sticky":false,"template":"","format":"standard","meta":{"footnotes":""},"categories":[17],"tags":[],"class_list":["post-422","post","type-post","status-publish","format-standard","has-post-thumbnail","hentry","category-invitados-adicionales"],"_links":{"self":[{"href":"https:\/\/fifv.cl\/2016\/wp-json\/wp\/v2\/posts\/422","targetHints":{"allow":["GET"]}}],"collection":[{"href":"https:\/\/fifv.cl\/2016\/wp-json\/wp\/v2\/posts"}],"about":[{"href":"https:\/\/fifv.cl\/2016\/wp-json\/wp\/v2\/types\/post"}],"author":[{"embeddable":true,"href":"https:\/\/fifv.cl\/2016\/wp-json\/wp\/v2\/users\/2"}],"replies":[{"embeddable":true,"href":"https:\/\/fifv.cl\/2016\/wp-json\/wp\/v2\/comments?post=422"}],"version-history":[{"count":4,"href":"https:\/\/fifv.cl\/2016\/wp-json\/wp\/v2\/posts\/422\/revisions"}],"predecessor-version":[{"id":2681,"href":"https:\/\/fifv.cl\/2016\/wp-json\/wp\/v2\/posts\/422\/revisions\/2681"}],"wp:featuredmedia":[{"embeddable":true,"href":"https:\/\/fifv.cl\/2016\/wp-json\/wp\/v2\/media\/2560"}],"wp:attachment":[{"href":"https:\/\/fifv.cl\/2016\/wp-json\/wp\/v2\/media?parent=422"}],"wp:term":[{"taxonomy":"category","embeddable":true,"href":"https:\/\/fifv.cl\/2016\/wp-json\/wp\/v2\/categories?post=422"},{"taxonomy":"post_tag","embeddable":true,"href":"https:\/\/fifv.cl\/2016\/wp-json\/wp\/v2\/tags?post=422"}],"curies":[{"name":"wp","href":"https:\/\/api.w.org\/{rel}","templated":true}]}}