{"id":424,"date":"2015-10-22T23:42:23","date_gmt":"2015-10-23T02:42:23","guid":{"rendered":"http:\/\/www.fifv.cl\/2015-final\/?p=424"},"modified":"2015-10-26T15:03:50","modified_gmt":"2015-10-26T18:03:50","slug":"rous-boisier","status":"publish","type":"post","link":"https:\/\/fifv.cl\/2016\/rous-boisier\/","title":{"rendered":"Rous Boisier"},"content":{"rendered":"<p>Artista nacida en Temuco el a\u00f1o 1985. Es titulada en Comunicaci\u00f3n Audiovisual por la Universidad Mayor de Temuco (2011) y Diplomada en Fotograf\u00eda en la Pontificia Universidad Cat\u00f3lica de Chile en Santiago (2011). Ha trabajado en cortometrajes de ficci\u00f3n y documental. Boisier llega al FIFV a presentar un trabajo muy personal: el libro \u201c<em>P\u00e9rdida\u201d, u<\/em>na serie de fotograf\u00edas con las que pretende mostrar y reflejar el mundo interior en el que viv\u00eda su madre, enferma de Alzheimer.<\/p>\n","protected":false},"excerpt":{"rendered":"<p>Artista nacida en Temuco el a\u00f1o 1985. Es titulada en Comunicaci\u00f3n Audiovisual por la Universidad Mayor de Temuco (2011) y Diplomada en Fotograf\u00eda en la Pontificia Universidad Cat\u00f3lica de Chile [&hellip;]<\/p>\n","protected":false},"author":2,"featured_media":470,"comment_status":"closed","ping_status":"open","sticky":false,"template":"","format":"standard","meta":{"footnotes":""},"categories":[],"tags":[],"class_list":["post-424","post","type-post","status-publish","format-standard","has-post-thumbnail","hentry"],"_links":{"self":[{"href":"https:\/\/fifv.cl\/2016\/wp-json\/wp\/v2\/posts\/424","targetHints":{"allow":["GET"]}}],"collection":[{"href":"https:\/\/fifv.cl\/2016\/wp-json\/wp\/v2\/posts"}],"about":[{"href":"https:\/\/fifv.cl\/2016\/wp-json\/wp\/v2\/types\/post"}],"author":[{"embeddable":true,"href":"https:\/\/fifv.cl\/2016\/wp-json\/wp\/v2\/users\/2"}],"replies":[{"embeddable":true,"href":"https:\/\/fifv.cl\/2016\/wp-json\/wp\/v2\/comments?post=424"}],"version-history":[{"count":1,"href":"https:\/\/fifv.cl\/2016\/wp-json\/wp\/v2\/posts\/424\/revisions"}],"predecessor-version":[{"id":425,"href":"https:\/\/fifv.cl\/2016\/wp-json\/wp\/v2\/posts\/424\/revisions\/425"}],"wp:featuredmedia":[{"embeddable":true,"href":"https:\/\/fifv.cl\/2016\/wp-json\/wp\/v2\/media\/470"}],"wp:attachment":[{"href":"https:\/\/fifv.cl\/2016\/wp-json\/wp\/v2\/media?parent=424"}],"wp:term":[{"taxonomy":"category","embeddable":true,"href":"https:\/\/fifv.cl\/2016\/wp-json\/wp\/v2\/categories?post=424"},{"taxonomy":"post_tag","embeddable":true,"href":"https:\/\/fifv.cl\/2016\/wp-json\/wp\/v2\/tags?post=424"}],"curies":[{"name":"wp","href":"https:\/\/api.w.org\/{rel}","templated":true}]}}