{"id":4250,"date":"2016-11-19T06:30:30","date_gmt":"2016-11-19T09:30:30","guid":{"rendered":"http:\/\/fifv.cl\/2016\/?p=4250"},"modified":"2016-11-19T10:00:58","modified_gmt":"2016-11-19T13:00:58","slug":"4250-2","status":"publish","type":"post","link":"https:\/\/fifv.cl\/2016\/4250-2\/","title":{"rendered":"Fot\u00f3grafa francesa Claudine Doury expone retratos a estudiantes de Valparaiso"},"content":{"rendered":"<p>Desde este s\u00e1bado 29 de octubre y hasta el jueves 27 de noviembre, el p\u00fablico podr\u00e1 \u00a0conocer el trabajo de la artista gala en la muestra central de Festival Internacional de Fotograf\u00eda en Valpara\u00edso FIFV.<\/p>\n<p>Esta muestra ser\u00e1 parte de la exposici\u00f3n \u201cValpara\u00edso\u201d, que incluye tambi\u00e9n trabajos de Paolo Verzone, Juan Manuel Castro Prieto, Gilles Favier y Bertrand Meunier. Todos estos fot\u00f3grafos tienen en com\u00fan que fueron invitados en versiones pasadas del FIFV a realizar residencias art\u00edsticas en nuestro puerto.<!--more--><\/p>\n<p>La autora francesa Claudine Doury ha dedicado m\u00e1s de 12 a\u00f1os de su carrera a reflexionar sobre la adolescencia en tiempos de crisis pol\u00edtica, el paso de la infancia a la adultez, el despertar de la sensualidad y sexualidad. En su paso por nuestra ciudad, estuvo 20 d\u00edas en un liceo de Valpara\u00edso, fotografiando a los alumnos para esta exposici\u00f3n.<\/p>\n<p>&nbsp;<\/p>\n<p><strong>Biograf\u00eda de Claudine Doury<\/strong><\/p>\n<p>Fot\u00f3grafa procedente del mundo de la prensa, nacida el a\u00f1o 1959 en Blois (Francia). Ganadora del premio Leica en 1999 y un World Press Award, el mismo a\u00f1o por su serie Pueblos de Siberia.<\/p>\n<p>Despu\u00e9s de haber sido Editora de Fotograf\u00eda en Par\u00eds para la agencia Gamma y para la agencia Contact Press Images en New York, se convirti\u00f3 en fot\u00f3grafa independiente y pas\u00f3 10 a\u00f1os documentando Artek, uno de los mayores campamentos de verano para ni\u00f1os en la Uni\u00f3n Sovi\u00e9tica.Doury cuenta con premiadas publicaciones, entre las que destacan Artek, un verano en Crim\u00e9e (2004), Loulan Beauty (2007) y Sasha (2011).<\/p>\n<p>Equipada con una Leica M6, Doury aborda la memoria y la transici\u00f3n de la ni\u00f1ez a la adultez en medio de cambios pol\u00edticos. En cada una de sus fotograf\u00edas, rostros juveniles nos invitan a adentrarnos en sus enso\u00f1aciones. La obra de Doury es vulnerable y c\u00e1lida; el tiempo pareciera pasar lento en las vidas de los sujetos que inmortaliza.<\/p>\n<p>&nbsp;<\/p>\n<p>&nbsp;<\/p>\n<p><a href=\"http:\/\/fifv.cl\/2016\/fotografiaclaudinedoury\/\">Galer\u00eda Claudine Doury<\/a><\/p>\n<p>&nbsp;<\/p>\n<p>&nbsp;<\/p>\n","protected":false},"excerpt":{"rendered":"<p>Desde este s\u00e1bado 29 de octubre y hasta el jueves 27 de noviembre, el p\u00fablico podr\u00e1 \u00a0conocer el trabajo de la artista gala en la muestra central de Festival Internacional [&hellip;]<\/p>\n","protected":false},"author":2,"featured_media":4272,"comment_status":"closed","ping_status":"open","sticky":false,"template":"","format":"standard","meta":{"footnotes":""},"categories":[10],"tags":[],"class_list":["post-4250","post","type-post","status-publish","format-standard","has-post-thumbnail","hentry","category-noticias"],"_links":{"self":[{"href":"https:\/\/fifv.cl\/2016\/wp-json\/wp\/v2\/posts\/4250","targetHints":{"allow":["GET"]}}],"collection":[{"href":"https:\/\/fifv.cl\/2016\/wp-json\/wp\/v2\/posts"}],"about":[{"href":"https:\/\/fifv.cl\/2016\/wp-json\/wp\/v2\/types\/post"}],"author":[{"embeddable":true,"href":"https:\/\/fifv.cl\/2016\/wp-json\/wp\/v2\/users\/2"}],"replies":[{"embeddable":true,"href":"https:\/\/fifv.cl\/2016\/wp-json\/wp\/v2\/comments?post=4250"}],"version-history":[{"count":6,"href":"https:\/\/fifv.cl\/2016\/wp-json\/wp\/v2\/posts\/4250\/revisions"}],"predecessor-version":[{"id":5267,"href":"https:\/\/fifv.cl\/2016\/wp-json\/wp\/v2\/posts\/4250\/revisions\/5267"}],"wp:featuredmedia":[{"embeddable":true,"href":"https:\/\/fifv.cl\/2016\/wp-json\/wp\/v2\/media\/4272"}],"wp:attachment":[{"href":"https:\/\/fifv.cl\/2016\/wp-json\/wp\/v2\/media?parent=4250"}],"wp:term":[{"taxonomy":"category","embeddable":true,"href":"https:\/\/fifv.cl\/2016\/wp-json\/wp\/v2\/categories?post=4250"},{"taxonomy":"post_tag","embeddable":true,"href":"https:\/\/fifv.cl\/2016\/wp-json\/wp\/v2\/tags?post=4250"}],"curies":[{"name":"wp","href":"https:\/\/api.w.org\/{rel}","templated":true}]}}