{"id":4257,"date":"2016-10-29T18:34:42","date_gmt":"2016-10-29T21:34:42","guid":{"rendered":"http:\/\/fifv.cl\/2016\/?p=4257"},"modified":"2016-11-16T23:42:52","modified_gmt":"2016-11-17T02:42:52","slug":"comenzaron-los-visionados-de-portafolios","status":"publish","type":"post","link":"https:\/\/fifv.cl\/2016\/comenzaron-los-visionados-de-portafolios\/","title":{"rendered":"Comenzaron los Visionados de Portafolios"},"content":{"rendered":"<p>\u00abHay uno o dos trabajos que me interesaron bastante y estar\u00edan listos para ser mostrados a nivel internacional .\u00bb Se\u00f1al\u00f3 Ana Casas, fot\u00f3grafa espa\u00f1ola invitada por el FIFV durante el trabajo de los visionados de portafolios en el cual fot\u00f3grafos que postularon a la actividad mostraron sus portafolios a los expertos en busca de una orientaci\u00f3n y potenciar su trabajo.<\/p>\n<p>\u00abSer\u00eda interesante que a esta gente (fot\u00f3grafos) se le pudiera dar salida a sus im\u00e1genes. Es una actividad muy significativa para poder entregarles un juicio y que avancen en un sentido normativo\u00bb. agrega Casas.<\/p>\n<p>Actividad exitosa realizada en el Parque Cultural de Valpara\u00edso que logr\u00f3 un acercamiento con los asistentes convocados.<br \/>\n<a href=\"http:\/\/fifv.cl\/2016\/comenzaron-los-v\u2026s-de-portafolios\/\"><!--more--><\/a><\/p>\n<figure id=\"attachment_4264\" aria-describedby=\"caption-attachment-4264\" style=\"width: 4256px\" class=\"wp-caption aligncenter\"><img loading=\"lazy\" decoding=\"async\" class=\"wp-image-4264 size-full\" src=\"http:\/\/fifv.cl\/2016\/wp-content\/uploads\/2016\/10\/VRC7197.jpg\" alt=\"Maestros de la imagen inician revisi\u00f3n de portafolios en la 7\u00aa edici\u00f3n del Festival Internacional de Fotograf\u00eda en Valpara\u00edso FIFV 2016. \u00a9Victor Ruiz Caballero\" width=\"4256\" height=\"2832\" srcset=\"https:\/\/fifv.cl\/2016\/wp-content\/uploads\/2016\/10\/VRC7197.jpg 4256w, https:\/\/fifv.cl\/2016\/wp-content\/uploads\/2016\/10\/VRC7197-300x200.jpg 300w, https:\/\/fifv.cl\/2016\/wp-content\/uploads\/2016\/10\/VRC7197-768x511.jpg 768w, https:\/\/fifv.cl\/2016\/wp-content\/uploads\/2016\/10\/VRC7197-1024x681.jpg 1024w, https:\/\/fifv.cl\/2016\/wp-content\/uploads\/2016\/10\/VRC7197-750x499.jpg 750w\" sizes=\"auto, (max-width: 4256px) 100vw, 4256px\" \/><figcaption id=\"caption-attachment-4264\" class=\"wp-caption-text\">Maestros de la imagen inician revisi\u00f3n de portafolios en la 7\u00aa edici\u00f3n del Festival Internacional de Fotograf\u00eda en Valpara\u00edso FIFV 2016. \u00a9Victor Ruiz Caballero<\/figcaption><\/figure>\n<figure id=\"attachment_4262\" aria-describedby=\"caption-attachment-4262\" style=\"width: 4256px\" class=\"wp-caption aligncenter\"><img loading=\"lazy\" decoding=\"async\" class=\"wp-image-4262 size-full\" src=\"http:\/\/fifv.cl\/2016\/wp-content\/uploads\/2016\/10\/VRC7170.jpg\" alt=\"Maestros de la imagen inician revisi\u00f3n de portafolios en la 7\u00aa edici\u00f3n del Festival Internacional de Fotograf\u00eda en Valpara\u00edso FIFV 2016. \u00a9Victor Ruiz Caballero\" width=\"4256\" height=\"2832\" srcset=\"https:\/\/fifv.cl\/2016\/wp-content\/uploads\/2016\/10\/VRC7170.jpg 4256w, https:\/\/fifv.cl\/2016\/wp-content\/uploads\/2016\/10\/VRC7170-300x200.jpg 300w, https:\/\/fifv.cl\/2016\/wp-content\/uploads\/2016\/10\/VRC7170-768x511.jpg 768w, https:\/\/fifv.cl\/2016\/wp-content\/uploads\/2016\/10\/VRC7170-1024x681.jpg 1024w, https:\/\/fifv.cl\/2016\/wp-content\/uploads\/2016\/10\/VRC7170-750x499.jpg 750w\" sizes=\"auto, (max-width: 4256px) 100vw, 4256px\" \/><figcaption id=\"caption-attachment-4262\" class=\"wp-caption-text\">Maestros de la imagen inician revisi\u00f3n de portafolios en la 7\u00aa edici\u00f3n del Festival Internacional de Fotograf\u00eda en Valpara\u00edso FIFV 2016. \u00a9Victor Ruiz Caballero<\/figcaption><\/figure>\n<figure id=\"attachment_4259\" aria-describedby=\"caption-attachment-4259\" style=\"width: 4256px\" class=\"wp-caption aligncenter\"><img loading=\"lazy\" decoding=\"async\" class=\"wp-image-4259 size-full\" src=\"http:\/\/fifv.cl\/2016\/wp-content\/uploads\/2016\/10\/VRC7107.jpg\" alt=\"Maestros de la imagen inician revisi\u00f3n de portafolios en la 7\u00aa edici\u00f3n del Festival Internacional de Fotograf\u00eda en Valpara\u00edso FIFV 2016. \u00a9Victor Ruiz Caballero\" width=\"4256\" height=\"2832\" srcset=\"https:\/\/fifv.cl\/2016\/wp-content\/uploads\/2016\/10\/VRC7107.jpg 4256w, https:\/\/fifv.cl\/2016\/wp-content\/uploads\/2016\/10\/VRC7107-300x200.jpg 300w, https:\/\/fifv.cl\/2016\/wp-content\/uploads\/2016\/10\/VRC7107-768x511.jpg 768w, https:\/\/fifv.cl\/2016\/wp-content\/uploads\/2016\/10\/VRC7107-1024x681.jpg 1024w, https:\/\/fifv.cl\/2016\/wp-content\/uploads\/2016\/10\/VRC7107-750x499.jpg 750w\" sizes=\"auto, (max-width: 4256px) 100vw, 4256px\" \/><figcaption id=\"caption-attachment-4259\" class=\"wp-caption-text\">Maestros de la imagen inician revisi\u00f3n de portafolios en la 7\u00aa edici\u00f3n del Festival Internacional de Fotograf\u00eda en Valpara\u00edso FIFV 2016. \u00a9Victor Ruiz Caballero<\/figcaption><\/figure>\n","protected":false},"excerpt":{"rendered":"<p>\u00abHay uno o dos trabajos que me interesaron bastante y estar\u00edan listos para ser mostrados a nivel internacional .\u00bb Se\u00f1al\u00f3 Ana Casas, fot\u00f3grafa espa\u00f1ola invitada por el FIFV durante el [&hellip;]<\/p>\n","protected":false},"author":2,"featured_media":4265,"comment_status":"closed","ping_status":"open","sticky":false,"template":"","format":"standard","meta":{"footnotes":""},"categories":[10],"tags":[],"class_list":["post-4257","post","type-post","status-publish","format-standard","has-post-thumbnail","hentry","category-noticias"],"_links":{"self":[{"href":"https:\/\/fifv.cl\/2016\/wp-json\/wp\/v2\/posts\/4257","targetHints":{"allow":["GET"]}}],"collection":[{"href":"https:\/\/fifv.cl\/2016\/wp-json\/wp\/v2\/posts"}],"about":[{"href":"https:\/\/fifv.cl\/2016\/wp-json\/wp\/v2\/types\/post"}],"author":[{"embeddable":true,"href":"https:\/\/fifv.cl\/2016\/wp-json\/wp\/v2\/users\/2"}],"replies":[{"embeddable":true,"href":"https:\/\/fifv.cl\/2016\/wp-json\/wp\/v2\/comments?post=4257"}],"version-history":[{"count":6,"href":"https:\/\/fifv.cl\/2016\/wp-json\/wp\/v2\/posts\/4257\/revisions"}],"predecessor-version":[{"id":5260,"href":"https:\/\/fifv.cl\/2016\/wp-json\/wp\/v2\/posts\/4257\/revisions\/5260"}],"wp:featuredmedia":[{"embeddable":true,"href":"https:\/\/fifv.cl\/2016\/wp-json\/wp\/v2\/media\/4265"}],"wp:attachment":[{"href":"https:\/\/fifv.cl\/2016\/wp-json\/wp\/v2\/media?parent=4257"}],"wp:term":[{"taxonomy":"category","embeddable":true,"href":"https:\/\/fifv.cl\/2016\/wp-json\/wp\/v2\/categories?post=4257"},{"taxonomy":"post_tag","embeddable":true,"href":"https:\/\/fifv.cl\/2016\/wp-json\/wp\/v2\/tags?post=4257"}],"curies":[{"name":"wp","href":"https:\/\/api.w.org\/{rel}","templated":true}]}}