{"id":430,"date":"2015-10-22T23:43:29","date_gmt":"2015-10-23T02:43:29","guid":{"rendered":"http:\/\/www.fifv.cl\/2015-final\/?p=430"},"modified":"2015-10-26T15:00:43","modified_gmt":"2015-10-26T18:00:43","slug":"pablo-ortiz-monasterio","status":"publish","type":"post","link":"https:\/\/fifv.cl\/2016\/pablo-ortiz-monasterio\/","title":{"rendered":"Pablo Ortiz Monasterio"},"content":{"rendered":"<p>Fot\u00f3grafo mejicano nacido en 1952 ,que se ha destacado como uno de los artistas contempor\u00e1neos mejicanos m\u00e1s importantes a nivel internacional. En sus im\u00e1genes es testigo de la cruda realidad de su ciudad natal, en la que testifica la miseria y pobreza urbana del pa\u00eds. Ha publicado nueve libros con su trabajo fotogr\u00e1fico. En 2001 fue invitado como curador al festival PhotoEspa\u00f1a de Madrid. Junto a su colega chileno Carlos Rivera Segovia lanzar\u00e1n el el FIFV el libro \u201cDos tiempos\u201d, 40 fotograf\u00edas de Valpara\u00edso de los a\u00f1os 70 contrastadas con la \u00e9poca actual.<\/p>\n","protected":false},"excerpt":{"rendered":"<p>Fot\u00f3grafo mejicano nacido en 1952 ,que se ha destacado como uno de los artistas contempor\u00e1neos mejicanos m\u00e1s importantes a nivel internacional. En sus im\u00e1genes es testigo de la cruda realidad [&hellip;]<\/p>\n","protected":false},"author":2,"featured_media":469,"comment_status":"closed","ping_status":"open","sticky":false,"template":"","format":"standard","meta":{"footnotes":""},"categories":[],"tags":[],"class_list":["post-430","post","type-post","status-publish","format-standard","has-post-thumbnail","hentry"],"_links":{"self":[{"href":"https:\/\/fifv.cl\/2016\/wp-json\/wp\/v2\/posts\/430","targetHints":{"allow":["GET"]}}],"collection":[{"href":"https:\/\/fifv.cl\/2016\/wp-json\/wp\/v2\/posts"}],"about":[{"href":"https:\/\/fifv.cl\/2016\/wp-json\/wp\/v2\/types\/post"}],"author":[{"embeddable":true,"href":"https:\/\/fifv.cl\/2016\/wp-json\/wp\/v2\/users\/2"}],"replies":[{"embeddable":true,"href":"https:\/\/fifv.cl\/2016\/wp-json\/wp\/v2\/comments?post=430"}],"version-history":[{"count":1,"href":"https:\/\/fifv.cl\/2016\/wp-json\/wp\/v2\/posts\/430\/revisions"}],"predecessor-version":[{"id":431,"href":"https:\/\/fifv.cl\/2016\/wp-json\/wp\/v2\/posts\/430\/revisions\/431"}],"wp:featuredmedia":[{"embeddable":true,"href":"https:\/\/fifv.cl\/2016\/wp-json\/wp\/v2\/media\/469"}],"wp:attachment":[{"href":"https:\/\/fifv.cl\/2016\/wp-json\/wp\/v2\/media?parent=430"}],"wp:term":[{"taxonomy":"category","embeddable":true,"href":"https:\/\/fifv.cl\/2016\/wp-json\/wp\/v2\/categories?post=430"},{"taxonomy":"post_tag","embeddable":true,"href":"https:\/\/fifv.cl\/2016\/wp-json\/wp\/v2\/tags?post=430"}],"curies":[{"name":"wp","href":"https:\/\/api.w.org\/{rel}","templated":true}]}}