{"id":4300,"date":"2016-10-30T08:42:45","date_gmt":"2016-10-30T11:42:45","guid":{"rendered":"http:\/\/fifv.cl\/2016\/?p=4300"},"modified":"2016-11-16T23:41:43","modified_gmt":"2016-11-17T02:41:43","slug":"partio-el-festival-internacional-de-fotografia-en-valparaiso","status":"publish","type":"post","link":"https:\/\/fifv.cl\/2016\/partio-el-festival-internacional-de-fotografia-en-valparaiso\/","title":{"rendered":"Parti\u00f3 el Festival Internacional de Fotograf\u00eda en Valpara\u00edso"},"content":{"rendered":"<p>Ayer a las 19.30 hrs en el Parque Cultural de Valpara\u00edso se dio la bienvenida al FIFV , Rodrigo G\u00f3mez Rovira, director del festival, los invitados de este a\u00f1o y el director del parque dieron la entrada a los primeros visitantes que llegaron a la inauguraci\u00f3n de algunas exposiciones que tendr\u00e1 esta nueva edici\u00f3n.<\/p>\n<p>\u00abSiempre es mucha emoci\u00f3n encontrarse despu\u00e9s de tanto trabajo que se hace por el festival y gracias al Parque Cultural donde nos sentimos como en casa. Estamos listos para esta nueva versi\u00f3n de FIFV\u00bb. Anuncio G\u00f3mez Rovira en la apertura del festival.<br \/>\n<a href=\"http:\/\/fifv.cl\/2016\/partio-el-festiv\u2026ia-en-valparaiso\/\"><!--more--><\/a><\/p>\n<p>La muestra inaugural, Valpara\u00edso, fue la atracci\u00f3n principal donde reuni\u00f3\u00a0el trabajo de cinco fot\u00f3grafos europeos que participaron de las residencias FIFV, entre 2013 y 2015.<\/p>\n<p>\u00abVi el anuncio en la p\u00e1gina del diario, me llamo la atenci\u00f3n y quise venir. Me gustaron las im\u00e1genes creadas por un autor franc\u00e9s. Lo encuentro interesante, todo es bonito y volver\u00e9\u00bb se\u00f1al\u00f3 Jorge Morales, visitantes de la exposici\u00f3n Valpara\u00edso.<\/p>\n<figure id=\"attachment_4295\" aria-describedby=\"caption-attachment-4295\" style=\"width: 2000px\" class=\"wp-caption aligncenter\"><img loading=\"lazy\" decoding=\"async\" class=\"wp-image-4295 size-full\" src=\"http:\/\/fifv.cl\/2016\/wp-content\/uploads\/2015\/10\/inauguracionFIFV018-1.jpg\" alt=\"Cientos de personas asistieron a la 7\u00aa edici\u00f3n del Festival Internacional de Fotograf\u00eda en Valpara\u00edso, FIFV 2016. \u00a9Victor Ruiz Caballero\" width=\"2000\" height=\"1331\" srcset=\"https:\/\/fifv.cl\/2016\/wp-content\/uploads\/2015\/10\/inauguracionFIFV018-1.jpg 2000w, https:\/\/fifv.cl\/2016\/wp-content\/uploads\/2015\/10\/inauguracionFIFV018-1-300x200.jpg 300w, https:\/\/fifv.cl\/2016\/wp-content\/uploads\/2015\/10\/inauguracionFIFV018-1-768x511.jpg 768w, https:\/\/fifv.cl\/2016\/wp-content\/uploads\/2015\/10\/inauguracionFIFV018-1-1024x681.jpg 1024w, https:\/\/fifv.cl\/2016\/wp-content\/uploads\/2015\/10\/inauguracionFIFV018-1-750x499.jpg 750w\" sizes=\"auto, (max-width: 2000px) 100vw, 2000px\" \/><figcaption id=\"caption-attachment-4295\" class=\"wp-caption-text\">Cientos de personas asistieron a la 7\u00aa edici\u00f3n del Festival Internacional de Fotograf\u00eda en Valpara\u00edso, FIFV 2016. \u00a9Victor Ruiz Caballero<\/figcaption><\/figure>\n<figure id=\"attachment_4296\" aria-describedby=\"caption-attachment-4296\" style=\"width: 2000px\" class=\"wp-caption aligncenter\"><img loading=\"lazy\" decoding=\"async\" class=\"wp-image-4296 size-full\" src=\"http:\/\/fifv.cl\/2016\/wp-content\/uploads\/2015\/10\/inauguracionFIFV017-1.jpg\" alt=\"Cientos de personas asistieron a la 7\u00aa edici\u00f3n del Festival Internacional de Fotograf\u00eda en Valpara\u00edso, FIFV 2016. \u00a9Victor Ruiz Caballero\" width=\"2000\" height=\"1331\" srcset=\"https:\/\/fifv.cl\/2016\/wp-content\/uploads\/2015\/10\/inauguracionFIFV017-1.jpg 2000w, https:\/\/fifv.cl\/2016\/wp-content\/uploads\/2015\/10\/inauguracionFIFV017-1-300x200.jpg 300w, https:\/\/fifv.cl\/2016\/wp-content\/uploads\/2015\/10\/inauguracionFIFV017-1-768x511.jpg 768w, https:\/\/fifv.cl\/2016\/wp-content\/uploads\/2015\/10\/inauguracionFIFV017-1-1024x681.jpg 1024w, https:\/\/fifv.cl\/2016\/wp-content\/uploads\/2015\/10\/inauguracionFIFV017-1-750x499.jpg 750w\" sizes=\"auto, (max-width: 2000px) 100vw, 2000px\" \/><figcaption id=\"caption-attachment-4296\" class=\"wp-caption-text\">Cientos de personas asistieron a la 7\u00aa edici\u00f3n del Festival Internacional de Fotograf\u00eda en Valpara\u00edso, FIFV 2016. \u00a9Victor Ruiz Caballero<\/figcaption><\/figure>\n<figure id=\"attachment_4294\" aria-describedby=\"caption-attachment-4294\" style=\"width: 2000px\" class=\"wp-caption aligncenter\"><img loading=\"lazy\" decoding=\"async\" class=\"wp-image-4294 size-full\" src=\"http:\/\/fifv.cl\/2016\/wp-content\/uploads\/2015\/10\/inauguracionFIFV019-1.jpg\" alt=\"Cientos de personas asistieron a la 7\u00aa edici\u00f3n del Festival Internacional de Fotograf\u00eda en Valpara\u00edso, FIFV 2016. \u00a9Victor Ruiz Caballero\" width=\"2000\" height=\"1331\" srcset=\"https:\/\/fifv.cl\/2016\/wp-content\/uploads\/2015\/10\/inauguracionFIFV019-1.jpg 2000w, https:\/\/fifv.cl\/2016\/wp-content\/uploads\/2015\/10\/inauguracionFIFV019-1-300x200.jpg 300w, https:\/\/fifv.cl\/2016\/wp-content\/uploads\/2015\/10\/inauguracionFIFV019-1-768x511.jpg 768w, https:\/\/fifv.cl\/2016\/wp-content\/uploads\/2015\/10\/inauguracionFIFV019-1-1024x681.jpg 1024w, https:\/\/fifv.cl\/2016\/wp-content\/uploads\/2015\/10\/inauguracionFIFV019-1-750x499.jpg 750w\" sizes=\"auto, (max-width: 2000px) 100vw, 2000px\" \/><figcaption id=\"caption-attachment-4294\" class=\"wp-caption-text\">Cientos de personas asistieron a la 7\u00aa edici\u00f3n del Festival Internacional de Fotograf\u00eda en Valpara\u00edso, FIFV 2016. \u00a9Victor Ruiz Caballero<\/figcaption><\/figure>\n<figure id=\"attachment_4291\" aria-describedby=\"caption-attachment-4291\" style=\"width: 2000px\" class=\"wp-caption aligncenter\"><img loading=\"lazy\" decoding=\"async\" class=\"wp-image-4291 size-full\" src=\"http:\/\/fifv.cl\/2016\/wp-content\/uploads\/2015\/10\/inauguracionFIFV021-1.jpg\" alt=\"Cientos de personas asistieron a la 7\u00aa edici\u00f3n del Festival Internacional de Fotograf\u00eda en Valpara\u00edso, FIFV 2016. \u00a9Victor Ruiz Caballero\" width=\"2000\" height=\"1331\" srcset=\"https:\/\/fifv.cl\/2016\/wp-content\/uploads\/2015\/10\/inauguracionFIFV021-1.jpg 2000w, https:\/\/fifv.cl\/2016\/wp-content\/uploads\/2015\/10\/inauguracionFIFV021-1-300x200.jpg 300w, https:\/\/fifv.cl\/2016\/wp-content\/uploads\/2015\/10\/inauguracionFIFV021-1-768x511.jpg 768w, https:\/\/fifv.cl\/2016\/wp-content\/uploads\/2015\/10\/inauguracionFIFV021-1-1024x681.jpg 1024w, https:\/\/fifv.cl\/2016\/wp-content\/uploads\/2015\/10\/inauguracionFIFV021-1-750x499.jpg 750w\" sizes=\"auto, (max-width: 2000px) 100vw, 2000px\" \/><figcaption id=\"caption-attachment-4291\" class=\"wp-caption-text\">Cientos de personas asistieron a la 7\u00aa edici\u00f3n del Festival Internacional de Fotograf\u00eda en Valpara\u00edso, FIFV 2016. \u00a9Victor Ruiz Caballero<\/figcaption><\/figure>\n<figure id=\"attachment_4289\" aria-describedby=\"caption-attachment-4289\" style=\"width: 2000px\" class=\"wp-caption aligncenter\"><img loading=\"lazy\" decoding=\"async\" class=\"wp-image-4289 size-full\" src=\"http:\/\/fifv.cl\/2016\/wp-content\/uploads\/2015\/10\/inauguracionFIFV025-1.jpg\" alt=\"Cientos de personas asistieron a la 7\u00aa edici\u00f3n del Festival Internacional de Fotograf\u00eda en Valpara\u00edso, FIFV 2016. \u00a9Victor Ruiz Caballero\" width=\"2000\" height=\"1331\" srcset=\"https:\/\/fifv.cl\/2016\/wp-content\/uploads\/2015\/10\/inauguracionFIFV025-1.jpg 2000w, https:\/\/fifv.cl\/2016\/wp-content\/uploads\/2015\/10\/inauguracionFIFV025-1-300x200.jpg 300w, https:\/\/fifv.cl\/2016\/wp-content\/uploads\/2015\/10\/inauguracionFIFV025-1-768x511.jpg 768w, https:\/\/fifv.cl\/2016\/wp-content\/uploads\/2015\/10\/inauguracionFIFV025-1-1024x681.jpg 1024w, https:\/\/fifv.cl\/2016\/wp-content\/uploads\/2015\/10\/inauguracionFIFV025-1-750x499.jpg 750w\" sizes=\"auto, (max-width: 2000px) 100vw, 2000px\" \/><figcaption id=\"caption-attachment-4289\" class=\"wp-caption-text\">Cientos de personas asistieron a la 7\u00aa edici\u00f3n del Festival Internacional de Fotograf\u00eda en Valpara\u00edso, FIFV 2016. \u00a9Victor Ruiz Caballero<\/figcaption><\/figure>\n<figure id=\"attachment_4293\" aria-describedby=\"caption-attachment-4293\" style=\"width: 2000px\" class=\"wp-caption aligncenter\"><img loading=\"lazy\" decoding=\"async\" class=\"wp-image-4293 size-full\" src=\"http:\/\/fifv.cl\/2016\/wp-content\/uploads\/2015\/10\/inauguracionFIFV020-1.jpg\" alt=\"Cientos de personas asistieron a la 7\u00aa edici\u00f3n del Festival Internacional de Fotograf\u00eda en Valpara\u00edso, FIFV 2016. \u00a9Victor Ruiz Caballero\" width=\"2000\" height=\"1331\" srcset=\"https:\/\/fifv.cl\/2016\/wp-content\/uploads\/2015\/10\/inauguracionFIFV020-1.jpg 2000w, https:\/\/fifv.cl\/2016\/wp-content\/uploads\/2015\/10\/inauguracionFIFV020-1-300x200.jpg 300w, https:\/\/fifv.cl\/2016\/wp-content\/uploads\/2015\/10\/inauguracionFIFV020-1-768x511.jpg 768w, https:\/\/fifv.cl\/2016\/wp-content\/uploads\/2015\/10\/inauguracionFIFV020-1-1024x681.jpg 1024w, https:\/\/fifv.cl\/2016\/wp-content\/uploads\/2015\/10\/inauguracionFIFV020-1-750x499.jpg 750w\" sizes=\"auto, (max-width: 2000px) 100vw, 2000px\" \/><figcaption id=\"caption-attachment-4293\" class=\"wp-caption-text\">Cientos de personas asistieron a la 7\u00aa edici\u00f3n del Festival Internacional de Fotograf\u00eda en Valpara\u00edso, FIFV 2016. \u00a9Victor Ruiz Caballero<\/figcaption><\/figure>\n","protected":false},"excerpt":{"rendered":"<p>Ayer a las 19.30 hrs en el Parque Cultural de Valpara\u00edso se dio la bienvenida al FIFV , Rodrigo G\u00f3mez Rovira, director del festival, los invitados de este a\u00f1o y [&hellip;]<\/p>\n","protected":false},"author":2,"featured_media":4295,"comment_status":"closed","ping_status":"open","sticky":false,"template":"","format":"standard","meta":{"footnotes":""},"categories":[10],"tags":[],"class_list":["post-4300","post","type-post","status-publish","format-standard","has-post-thumbnail","hentry","category-noticias"],"_links":{"self":[{"href":"https:\/\/fifv.cl\/2016\/wp-json\/wp\/v2\/posts\/4300","targetHints":{"allow":["GET"]}}],"collection":[{"href":"https:\/\/fifv.cl\/2016\/wp-json\/wp\/v2\/posts"}],"about":[{"href":"https:\/\/fifv.cl\/2016\/wp-json\/wp\/v2\/types\/post"}],"author":[{"embeddable":true,"href":"https:\/\/fifv.cl\/2016\/wp-json\/wp\/v2\/users\/2"}],"replies":[{"embeddable":true,"href":"https:\/\/fifv.cl\/2016\/wp-json\/wp\/v2\/comments?post=4300"}],"version-history":[{"count":5,"href":"https:\/\/fifv.cl\/2016\/wp-json\/wp\/v2\/posts\/4300\/revisions"}],"predecessor-version":[{"id":5259,"href":"https:\/\/fifv.cl\/2016\/wp-json\/wp\/v2\/posts\/4300\/revisions\/5259"}],"wp:featuredmedia":[{"embeddable":true,"href":"https:\/\/fifv.cl\/2016\/wp-json\/wp\/v2\/media\/4295"}],"wp:attachment":[{"href":"https:\/\/fifv.cl\/2016\/wp-json\/wp\/v2\/media?parent=4300"}],"wp:term":[{"taxonomy":"category","embeddable":true,"href":"https:\/\/fifv.cl\/2016\/wp-json\/wp\/v2\/categories?post=4300"},{"taxonomy":"post_tag","embeddable":true,"href":"https:\/\/fifv.cl\/2016\/wp-json\/wp\/v2\/tags?post=4300"}],"curies":[{"name":"wp","href":"https:\/\/api.w.org\/{rel}","templated":true}]}}