{"id":4330,"date":"2016-11-11T15:34:13","date_gmt":"2016-11-11T18:34:13","guid":{"rendered":"http:\/\/fifv.cl\/2016\/?p=4330"},"modified":"2016-11-19T09:49:48","modified_gmt":"2016-11-19T12:49:48","slug":"inauguracion-de-la-expo-de-vicente-gonzalez-mimisa-en-el-marco-de-la-7a-edicion-del-fifv","status":"publish","type":"post","link":"https:\/\/fifv.cl\/2016\/inauguracion-de-la-expo-de-vicente-gonzalez-mimisa-en-el-marco-de-la-7a-edicion-del-fifv\/","title":{"rendered":"Inauguraci\u00f3n de la expo de Vicente Gonz\u00e1lez Mimica en el marco de  la 7\u00aa edici\u00f3n del FIFV"},"content":{"rendered":"<p>En la peluquer\u00eda y galer\u00eda de arte La Boheme se inaugur\u00f3 el \u00a0\u201cAviso de destino\u201d de Vicente Gonz\u00e1lez M\u00edmica, ganador del Visionado de Portafolio FIFV 2015.<br \/>\nGonzal\u00e9z se\u00f1alo en la inauguraci\u00f3n que no le gusta explicar las obras \u201cpienso que el enigma y el misterio frente a una obra debe mantenerse todo el tiempo y la \u00fanica verdad se debela ante el espectador\u00a0 peque\u00f1o texto a modo de introducci\u00f3n\u201d. Aun as\u00ed nos deleit\u00f3 con un texto sobre las obras.<br \/>\n<!--more--><\/p>\n<p>\u201cLa boheme\u201d. Es una peluquer\u00eda que lleva cinco meses y esta dirigida por Juan Carlos Luco. Peluquero hace 18 a\u00f1os, el cual quer\u00eda realizar una peluquer\u00eda moderna con \u201cciertos aires\u201d de Valpara\u00edso. Amante de la fotograf\u00eda abri\u00f3 este espacio para galer\u00edas. Aviso del destino es la primera galer\u00eda realizada en La Boheme.<\/p>\n<p><a href=\"http:\/\/fifv.cl\/2016\/wp-content\/uploads\/2016\/10\/La-fotograf\u00eda-no-dice-la-verdad.docx\">Descargar Texto Vicente Gonzalez<\/a><\/p>\n<figure id=\"attachment_4336\" aria-describedby=\"caption-attachment-4336\" style=\"width: 2000px\" class=\"wp-caption aligncenter\"><img loading=\"lazy\" decoding=\"async\" class=\"wp-image-4336 size-full\" src=\"http:\/\/fifv.cl\/2016\/wp-content\/uploads\/2016\/10\/VRC7639.jpg\" alt=\"Inauguraci\u00f3n de la expo de Vicente Gonz\u00e1lez Mimisa en el marco de la 7\u00aa edici\u00f3n del Festival Internacional de Fotograf\u00eda en Valpara\u00edso, FIFV 2016. \u00a9Victor Ruiz Caballero\" width=\"2000\" height=\"1331\" srcset=\"https:\/\/fifv.cl\/2016\/wp-content\/uploads\/2016\/10\/VRC7639.jpg 2000w, https:\/\/fifv.cl\/2016\/wp-content\/uploads\/2016\/10\/VRC7639-300x200.jpg 300w, https:\/\/fifv.cl\/2016\/wp-content\/uploads\/2016\/10\/VRC7639-768x511.jpg 768w, https:\/\/fifv.cl\/2016\/wp-content\/uploads\/2016\/10\/VRC7639-1024x681.jpg 1024w, https:\/\/fifv.cl\/2016\/wp-content\/uploads\/2016\/10\/VRC7639-750x499.jpg 750w\" sizes=\"auto, (max-width: 2000px) 100vw, 2000px\" \/><figcaption id=\"caption-attachment-4336\" class=\"wp-caption-text\">Inauguraci\u00f3n de la expo de Vicente Gonz\u00e1lez Mimisa en el marco de la 7\u00aa edici\u00f3n del Festival Internacional de Fotograf\u00eda en Valpara\u00edso, FIFV 2016. \u00a9Victor Ruiz Caballero<\/figcaption><\/figure>\n<figure id=\"attachment_4337\" aria-describedby=\"caption-attachment-4337\" style=\"width: 2000px\" class=\"wp-caption aligncenter\"><img loading=\"lazy\" decoding=\"async\" class=\"wp-image-4337 size-full\" src=\"http:\/\/fifv.cl\/2016\/wp-content\/uploads\/2016\/10\/VRC7652.jpg\" alt=\"Inauguraci\u00f3n de la expo de Vicente Gonz\u00e1lez Mimisa en el marco de la 7\u00aa edici\u00f3n del Festival Internacional de Fotograf\u00eda en Valpara\u00edso, FIFV 2016. \u00a9Victor Ruiz Caballero\" width=\"2000\" height=\"1331\" srcset=\"https:\/\/fifv.cl\/2016\/wp-content\/uploads\/2016\/10\/VRC7652.jpg 2000w, https:\/\/fifv.cl\/2016\/wp-content\/uploads\/2016\/10\/VRC7652-300x200.jpg 300w, https:\/\/fifv.cl\/2016\/wp-content\/uploads\/2016\/10\/VRC7652-768x511.jpg 768w, https:\/\/fifv.cl\/2016\/wp-content\/uploads\/2016\/10\/VRC7652-1024x681.jpg 1024w, https:\/\/fifv.cl\/2016\/wp-content\/uploads\/2016\/10\/VRC7652-750x499.jpg 750w\" sizes=\"auto, (max-width: 2000px) 100vw, 2000px\" \/><figcaption id=\"caption-attachment-4337\" class=\"wp-caption-text\">Inauguraci\u00f3n de la expo de Vicente Gonz\u00e1lez Mimisa en el marco de la 7\u00aa edici\u00f3n del Festival Internacional de Fotograf\u00eda en Valpara\u00edso, FIFV 2016. \u00a9Victor Ruiz Caballero<\/figcaption><\/figure>\n<figure id=\"attachment_4338\" aria-describedby=\"caption-attachment-4338\" style=\"width: 2000px\" class=\"wp-caption aligncenter\"><img loading=\"lazy\" decoding=\"async\" class=\"wp-image-4338 size-full\" src=\"http:\/\/fifv.cl\/2016\/wp-content\/uploads\/2016\/10\/VRC7684.jpg\" alt=\"Inauguraci\u00f3n de la expo de Vicente Gonz\u00e1lez Mimisa en el marco de la 7\u00aa edici\u00f3n del Festival Internacional de Fotograf\u00eda en Valpara\u00edso, FIFV 2016. \u00a9Victor Ruiz Caballero\" width=\"2000\" height=\"1331\" srcset=\"https:\/\/fifv.cl\/2016\/wp-content\/uploads\/2016\/10\/VRC7684.jpg 2000w, https:\/\/fifv.cl\/2016\/wp-content\/uploads\/2016\/10\/VRC7684-300x200.jpg 300w, https:\/\/fifv.cl\/2016\/wp-content\/uploads\/2016\/10\/VRC7684-768x511.jpg 768w, https:\/\/fifv.cl\/2016\/wp-content\/uploads\/2016\/10\/VRC7684-1024x681.jpg 1024w, https:\/\/fifv.cl\/2016\/wp-content\/uploads\/2016\/10\/VRC7684-750x499.jpg 750w\" sizes=\"auto, (max-width: 2000px) 100vw, 2000px\" \/><figcaption id=\"caption-attachment-4338\" class=\"wp-caption-text\">Inauguraci\u00f3n de la expo de Vicente Gonz\u00e1lez Mimisa en el marco de la 7\u00aa edici\u00f3n del Festival Internacional de Fotograf\u00eda en Valpara\u00edso, FIFV 2016. \u00a9Victor Ruiz Caballero<\/figcaption><\/figure>\n<figure id=\"attachment_4340\" aria-describedby=\"caption-attachment-4340\" style=\"width: 2000px\" class=\"wp-caption alignright\"><img loading=\"lazy\" decoding=\"async\" class=\"wp-image-4340 size-full\" src=\"http:\/\/fifv.cl\/2016\/wp-content\/uploads\/2016\/10\/VRC7691.jpg\" alt=\"Inauguraci\u00f3n de la expo de Vicente Gonz\u00e1lez Mimisa en el marco de la 7\u00aa edici\u00f3n del Festival Internacional de Fotograf\u00eda en Valpara\u00edso, FIFV 2016. \u00a9Victor Ruiz Caballero\" width=\"2000\" height=\"1331\" srcset=\"https:\/\/fifv.cl\/2016\/wp-content\/uploads\/2016\/10\/VRC7691.jpg 2000w, https:\/\/fifv.cl\/2016\/wp-content\/uploads\/2016\/10\/VRC7691-300x200.jpg 300w, https:\/\/fifv.cl\/2016\/wp-content\/uploads\/2016\/10\/VRC7691-768x511.jpg 768w, https:\/\/fifv.cl\/2016\/wp-content\/uploads\/2016\/10\/VRC7691-1024x681.jpg 1024w, https:\/\/fifv.cl\/2016\/wp-content\/uploads\/2016\/10\/VRC7691-750x499.jpg 750w\" sizes=\"auto, (max-width: 2000px) 100vw, 2000px\" \/><figcaption id=\"caption-attachment-4340\" class=\"wp-caption-text\">Inauguraci\u00f3n de la expo de Vicente Gonz\u00e1lez Mimisa en el marco de la 7\u00aa edici\u00f3n del Festival Internacional de Fotograf\u00eda en Valpara\u00edso, FIFV 2016. \u00a9Victor Ruiz Caballero<\/figcaption><\/figure>\n","protected":false},"excerpt":{"rendered":"<p>En la peluquer\u00eda y galer\u00eda de arte La Boheme se inaugur\u00f3 el \u00a0\u201cAviso de destino\u201d de Vicente Gonz\u00e1lez M\u00edmica, ganador del Visionado de Portafolio FIFV 2015. Gonzal\u00e9z se\u00f1alo en la [&hellip;]<\/p>\n","protected":false},"author":2,"featured_media":4340,"comment_status":"closed","ping_status":"open","sticky":false,"template":"","format":"standard","meta":{"footnotes":""},"categories":[10],"tags":[],"class_list":["post-4330","post","type-post","status-publish","format-standard","has-post-thumbnail","hentry","category-noticias"],"_links":{"self":[{"href":"https:\/\/fifv.cl\/2016\/wp-json\/wp\/v2\/posts\/4330","targetHints":{"allow":["GET"]}}],"collection":[{"href":"https:\/\/fifv.cl\/2016\/wp-json\/wp\/v2\/posts"}],"about":[{"href":"https:\/\/fifv.cl\/2016\/wp-json\/wp\/v2\/types\/post"}],"author":[{"embeddable":true,"href":"https:\/\/fifv.cl\/2016\/wp-json\/wp\/v2\/users\/2"}],"replies":[{"embeddable":true,"href":"https:\/\/fifv.cl\/2016\/wp-json\/wp\/v2\/comments?post=4330"}],"version-history":[{"count":6,"href":"https:\/\/fifv.cl\/2016\/wp-json\/wp\/v2\/posts\/4330\/revisions"}],"predecessor-version":[{"id":5249,"href":"https:\/\/fifv.cl\/2016\/wp-json\/wp\/v2\/posts\/4330\/revisions\/5249"}],"wp:featuredmedia":[{"embeddable":true,"href":"https:\/\/fifv.cl\/2016\/wp-json\/wp\/v2\/media\/4340"}],"wp:attachment":[{"href":"https:\/\/fifv.cl\/2016\/wp-json\/wp\/v2\/media?parent=4330"}],"wp:term":[{"taxonomy":"category","embeddable":true,"href":"https:\/\/fifv.cl\/2016\/wp-json\/wp\/v2\/categories?post=4330"},{"taxonomy":"post_tag","embeddable":true,"href":"https:\/\/fifv.cl\/2016\/wp-json\/wp\/v2\/tags?post=4330"}],"curies":[{"name":"wp","href":"https:\/\/api.w.org\/{rel}","templated":true}]}}