{"id":4359,"date":"2016-10-30T22:28:16","date_gmt":"2016-10-31T01:28:16","guid":{"rendered":"http:\/\/fifv.cl\/2016\/?p=4359"},"modified":"2016-11-16T23:39:41","modified_gmt":"2016-11-17T02:39:41","slug":"exitosa-jornada-de-dialogos-y-dj-book-en-el-internado","status":"publish","type":"post","link":"https:\/\/fifv.cl\/2016\/exitosa-jornada-de-dialogos-y-dj-book-en-el-internado\/","title":{"rendered":"Exitosa jornada de di\u00e1logos y dj book en El Internado."},"content":{"rendered":"<p>Como cada edici\u00f3n, el Festival Internacional de Fotograf\u00eda de Valpara\u00edso invit\u00f3 a importantes fot\u00f3grafos contempor\u00e1neos a conversar con el p\u00fablico presente sobre diversos temas relacionados con este arte.<\/p>\n<p>Primero se realiz\u00f3 una charla v\u00eda Skype con Fernando Ace\u00f1a. El espa\u00f1ol present\u00f3 su proyecto \u201cMuseo de la luz\u201d adem\u00e1s de contarnos sus experiencias con la fotograf\u00eda y viajes por el mundo. Luego fue el turno del fot\u00f3grafo italiano y colaborador de la UNESCO, Dario Coletti, el cual nos deleit\u00f3 con historias sobre su infancia, familia y relaci\u00f3n con la c\u00e1mara. \u201cCuando estoy sacando fotograf\u00edas me siento bien, es una terapia, porque me puede curar de manera f\u00edsica\u201d se\u00f1alo Coletti, quien estuvo acompa\u00f1ado en el dialogo por Cristian Laporati, director escuela de Publicidad de la Universidad Diego Portales.<br \/>\n<a href=\"http:\/\/fifv.cl\/2016\/exitosa-jornada-\u2026-en-el-internado\/\"><!--more--><\/a><\/p>\n<p>\u201cEstamos viviendo una transici\u00f3n entretenida del mundo anal\u00f3gico al mundo digital, donde nos lleva a que cualquier persona puede realizar interesantes trabajos y publicarlos a trav\u00e9s de las redes sociales y eso me gusta. Va en sinton\u00eda con esta transici\u00f3n porque al final ese poder de la fotograf\u00eda se abre a personas comunes que pueden capturar una historia\u201d. Argumento Laporati frente al tema de la fotograf\u00eda y la actualidad.<\/p>\n<p>La jornada sigui\u00f3 con Luis Poirot,\u00a0fot\u00f3grafo chileno desde hace 52 a\u00f1os, con una extensa carrera nacida a ra\u00edz de su v\u00ednculo con el teatro y los actores. En su sesi\u00f3n de Dj Book hizo una revisi\u00f3n del libro \u201cThe Decisive Moment\u201d (cuyo t\u00edtulo original es \u201cImages \u00e0 la Sauvette\u201d), del fot\u00f3grafo franc\u00e9s Henri Cartier-Bresson. Poirot nos relat\u00f3 sobre historias de vida, experiencias mientras realizaba el libro donde hab\u00eda im\u00e1genes que no ve\u00eda hace a\u00f1os y que probablemente es uno de los libros de fotograf\u00eda m\u00e1s emblem\u00e1ticos de la historia al ser influenciado a generaciones de autores.<\/p>\n<p>Para finalizar se present\u00f3 la directora del Centro de Imagen del Consejo Nacional para la Cultura y las Artes de M\u00e9xico, Itala Schmelz. La cual nos coment\u00f3 como se ha desarrollado su trabajo profesional como cr\u00edtica y curadora en el terreno de las artes visuales. Y sobre sus publicaciones en diversas revistas de arte.<\/p>\n<figure style=\"width: 2000px\" class=\"wp-caption aligncenter\"><img loading=\"lazy\" decoding=\"async\" class=\"wp-image-4360 size-full\" src=\"http:\/\/fifv.cl\/2016\/wp-content\/uploads\/2016\/10\/Fernando-Acen\u0303a.jpg\" width=\"2000\" height=\"1335\" srcset=\"https:\/\/fifv.cl\/2016\/wp-content\/uploads\/2016\/10\/Fernando-Acen\u0303a.jpg 2000w, https:\/\/fifv.cl\/2016\/wp-content\/uploads\/2016\/10\/Fernando-Acen\u0303a-300x200.jpg 300w, https:\/\/fifv.cl\/2016\/wp-content\/uploads\/2016\/10\/Fernando-Acen\u0303a-768x513.jpg 768w, https:\/\/fifv.cl\/2016\/wp-content\/uploads\/2016\/10\/Fernando-Acen\u0303a-1024x684.jpg 1024w, https:\/\/fifv.cl\/2016\/wp-content\/uploads\/2016\/10\/Fernando-Acen\u0303a-750x501.jpg 750w\" sizes=\"auto, (max-width: 2000px) 100vw, 2000px\" \/><figcaption class=\"wp-caption-text\">Fernando Ace\u00f1a<\/figcaption><\/figure>\n<figure id=\"attachment_4361\" aria-describedby=\"caption-attachment-4361\" style=\"width: 2000px\" class=\"wp-caption aligncenter\"><img loading=\"lazy\" decoding=\"async\" class=\"wp-image-4361 size-full\" src=\"http:\/\/fifv.cl\/2016\/wp-content\/uploads\/2016\/10\/Dario-Coletti-FIFV2016.jpg\" alt=\"Invitados participan en D\u00edalogos en el Restaurant El Internado en el marco de la 7\u00aa edici\u00f3n del Festival Internacional de Fotograf\u00eda en Valpara\u00edso, FIFV 2016. \u00a9Victor Ruiz Caballero\" width=\"2000\" height=\"1331\" srcset=\"https:\/\/fifv.cl\/2016\/wp-content\/uploads\/2016\/10\/Dario-Coletti-FIFV2016.jpg 2000w, https:\/\/fifv.cl\/2016\/wp-content\/uploads\/2016\/10\/Dario-Coletti-FIFV2016-300x200.jpg 300w, https:\/\/fifv.cl\/2016\/wp-content\/uploads\/2016\/10\/Dario-Coletti-FIFV2016-768x511.jpg 768w, https:\/\/fifv.cl\/2016\/wp-content\/uploads\/2016\/10\/Dario-Coletti-FIFV2016-1024x681.jpg 1024w, https:\/\/fifv.cl\/2016\/wp-content\/uploads\/2016\/10\/Dario-Coletti-FIFV2016-750x499.jpg 750w\" sizes=\"auto, (max-width: 2000px) 100vw, 2000px\" \/><figcaption id=\"caption-attachment-4361\" class=\"wp-caption-text\">Dario Coletti<\/figcaption><\/figure>\n<figure id=\"attachment_4362\" aria-describedby=\"caption-attachment-4362\" style=\"width: 2000px\" class=\"wp-caption aligncenter\"><img loading=\"lazy\" decoding=\"async\" class=\"wp-image-4362 size-full\" src=\"http:\/\/fifv.cl\/2016\/wp-content\/uploads\/2016\/10\/DJBooks.jpg\" alt=\"Invitados participan en D\u00edalogos en el Restaurant El Internado en el marco de la 7\u00aa edici\u00f3n del Festival Internacional de Fotograf\u00eda en Valpara\u00edso, FIFV 2016. \u00a9Victor Ruiz Caballero\" width=\"2000\" height=\"1331\" srcset=\"https:\/\/fifv.cl\/2016\/wp-content\/uploads\/2016\/10\/DJBooks.jpg 2000w, https:\/\/fifv.cl\/2016\/wp-content\/uploads\/2016\/10\/DJBooks-300x200.jpg 300w, https:\/\/fifv.cl\/2016\/wp-content\/uploads\/2016\/10\/DJBooks-768x511.jpg 768w, https:\/\/fifv.cl\/2016\/wp-content\/uploads\/2016\/10\/DJBooks-1024x681.jpg 1024w, https:\/\/fifv.cl\/2016\/wp-content\/uploads\/2016\/10\/DJBooks-750x499.jpg 750w\" sizes=\"auto, (max-width: 2000px) 100vw, 2000px\" \/><figcaption id=\"caption-attachment-4362\" class=\"wp-caption-text\">Invitados participan en D\u00edalogos en el Restaurant El Internado en el marco de la 7\u00aa edici\u00f3n del Festival Internacional de Fotograf\u00eda en Valpara\u00edso, FIFV 2016. \u00a9Victor Ruiz Caballero<\/figcaption><\/figure>\n<figure id=\"attachment_4363\" aria-describedby=\"caption-attachment-4363\" style=\"width: 2000px\" class=\"wp-caption aligncenter\"><img loading=\"lazy\" decoding=\"async\" class=\"wp-image-4363 size-full\" src=\"http:\/\/fifv.cl\/2016\/wp-content\/uploads\/2016\/10\/Luis-Poirot-FIFV2016.jpg\" width=\"2000\" height=\"1331\" srcset=\"https:\/\/fifv.cl\/2016\/wp-content\/uploads\/2016\/10\/Luis-Poirot-FIFV2016.jpg 2000w, https:\/\/fifv.cl\/2016\/wp-content\/uploads\/2016\/10\/Luis-Poirot-FIFV2016-300x200.jpg 300w, https:\/\/fifv.cl\/2016\/wp-content\/uploads\/2016\/10\/Luis-Poirot-FIFV2016-768x511.jpg 768w, https:\/\/fifv.cl\/2016\/wp-content\/uploads\/2016\/10\/Luis-Poirot-FIFV2016-1024x681.jpg 1024w, https:\/\/fifv.cl\/2016\/wp-content\/uploads\/2016\/10\/Luis-Poirot-FIFV2016-750x499.jpg 750w\" sizes=\"auto, (max-width: 2000px) 100vw, 2000px\" \/><figcaption id=\"caption-attachment-4363\" class=\"wp-caption-text\">Luis Poirot<\/figcaption><\/figure>\n<p><img loading=\"lazy\" decoding=\"async\" class=\"size-full wp-image-4364 aligncenter\" src=\"http:\/\/fifv.cl\/2016\/wp-content\/uploads\/2016\/10\/Itala-Schmelz-FIFV2016.jpg\" alt=\"Itala Schmelz\" width=\"2000\" height=\"1331\" srcset=\"https:\/\/fifv.cl\/2016\/wp-content\/uploads\/2016\/10\/Itala-Schmelz-FIFV2016.jpg 2000w, https:\/\/fifv.cl\/2016\/wp-content\/uploads\/2016\/10\/Itala-Schmelz-FIFV2016-300x200.jpg 300w, https:\/\/fifv.cl\/2016\/wp-content\/uploads\/2016\/10\/Itala-Schmelz-FIFV2016-768x511.jpg 768w, https:\/\/fifv.cl\/2016\/wp-content\/uploads\/2016\/10\/Itala-Schmelz-FIFV2016-1024x681.jpg 1024w, https:\/\/fifv.cl\/2016\/wp-content\/uploads\/2016\/10\/Itala-Schmelz-FIFV2016-750x499.jpg 750w\" sizes=\"auto, (max-width: 2000px) 100vw, 2000px\" \/><\/p>\n","protected":false},"excerpt":{"rendered":"<p>Como cada edici\u00f3n, el Festival Internacional de Fotograf\u00eda de Valpara\u00edso invit\u00f3 a importantes fot\u00f3grafos contempor\u00e1neos a conversar con el p\u00fablico presente sobre diversos temas relacionados con este arte. Primero se [&hellip;]<\/p>\n","protected":false},"author":2,"featured_media":4362,"comment_status":"closed","ping_status":"open","sticky":false,"template":"","format":"standard","meta":{"footnotes":""},"categories":[10],"tags":[],"class_list":["post-4359","post","type-post","status-publish","format-standard","has-post-thumbnail","hentry","category-noticias"],"_links":{"self":[{"href":"https:\/\/fifv.cl\/2016\/wp-json\/wp\/v2\/posts\/4359","targetHints":{"allow":["GET"]}}],"collection":[{"href":"https:\/\/fifv.cl\/2016\/wp-json\/wp\/v2\/posts"}],"about":[{"href":"https:\/\/fifv.cl\/2016\/wp-json\/wp\/v2\/types\/post"}],"author":[{"embeddable":true,"href":"https:\/\/fifv.cl\/2016\/wp-json\/wp\/v2\/users\/2"}],"replies":[{"embeddable":true,"href":"https:\/\/fifv.cl\/2016\/wp-json\/wp\/v2\/comments?post=4359"}],"version-history":[{"count":4,"href":"https:\/\/fifv.cl\/2016\/wp-json\/wp\/v2\/posts\/4359\/revisions"}],"predecessor-version":[{"id":5258,"href":"https:\/\/fifv.cl\/2016\/wp-json\/wp\/v2\/posts\/4359\/revisions\/5258"}],"wp:featuredmedia":[{"embeddable":true,"href":"https:\/\/fifv.cl\/2016\/wp-json\/wp\/v2\/media\/4362"}],"wp:attachment":[{"href":"https:\/\/fifv.cl\/2016\/wp-json\/wp\/v2\/media?parent=4359"}],"wp:term":[{"taxonomy":"category","embeddable":true,"href":"https:\/\/fifv.cl\/2016\/wp-json\/wp\/v2\/categories?post=4359"},{"taxonomy":"post_tag","embeddable":true,"href":"https:\/\/fifv.cl\/2016\/wp-json\/wp\/v2\/tags?post=4359"}],"curies":[{"name":"wp","href":"https:\/\/api.w.org\/{rel}","templated":true}]}}