{"id":4396,"date":"2016-11-12T18:05:08","date_gmt":"2016-11-12T21:05:08","guid":{"rendered":"http:\/\/fifv.cl\/2016\/?p=4396"},"modified":"2016-11-19T09:50:01","modified_gmt":"2016-11-19T12:50:01","slug":"exposiciones-predio-marconi-de-javier-alvarez-y-construccion-en-obra-en-casa-plan","status":"publish","type":"post","link":"https:\/\/fifv.cl\/2016\/exposiciones-predio-marconi-de-javier-alvarez-y-construccion-en-obra-en-casa-plan\/","title":{"rendered":"Exposiciones Predio (Marconi) de Javier \u00c0lvarez y la Colectiva \u00abConstrucci\u00f3n en Obra\u00bb en Casa Plan"},"content":{"rendered":"<p>Predio (Marconi) de Javier \u00c1lvarez fue inaugurado este lunes 31 de octubre en Casa Plan.\u00a0 \u201cGracias a todas las personas. Es bonito encontrarse compartir estas historias humanas, sencillas, capturar el momento en que las personas se encuentran. Para mi significa una avance en mi carrera ya que el trabajo empez\u00f3 como una forma de exploraci\u00f3n y de esa forma creo que todo comienza a tener sentido. Los invito a que se abran y conozcan esta exposici\u00f3n\u201d. Se\u00f1alo el ganador del portafolios 2015 FIFV.<br \/>\n<!--more--><\/p>\n<p>Su exposici\u00f3n es un retrato de la d\u00e9cada de los 90\u2019, movimientos sociales proletarios que comienzan a\u00a0ocupar edificios vac\u00edos del centro de la ciudad de S\u00e3o Paulo, Brasil. Hoy, ya\u00a0son m\u00e1s de 40 diferentes movimientos en todo el pa\u00eds, que ocupan centenares\u00a0de propiedades abandonadas con familias, inmigrantes y\/o trabajadores.<\/p>\n<p>Dentro del mismo Caf\u00e9-taller de serigraf\u00eda \u201cCasa Plan\u201d se encuentra la exposici\u00f3n \u201cConstrucci\u00f3n en obra\u201d en la que se proyectan los trabajos fotogr\u00e1ficos de destacados j\u00f3venes fot\u00f3grafos participantes en diversos a\u00f1os en el FIFV.\u00a0Autores: Rosario Montero, Cecilia Reynoso, \u00c1lvaro Rojas y Emiliano Valenzuela<\/p>\n<p>Rodrigo G\u00f3mez Rovira destac\u00f3 la exposici\u00f3n de los autores \u201cdentro de estos 6 a\u00f1os del FIFV han participado de alguna manera en talleres, brigadas, desarrollando trabajos y aprendiendo. Quisimos darle una exposici\u00f3n ya que han ido madurando y creando su obra. Nuestra idea como FIFV es empatizar, exponer procesos y ver c\u00f3mo van avanzando a trav\u00e9s del tiempo.\u00bb<\/p>\n<p>Quedan todos invitados a conocer estas exposiciones en el caf\u00e9 Casa Plan. (Brasil 1490. Valpara\u00edso) de 10.30 a 18.00hrs.<\/p>\n<figure id=\"attachment_4397\" aria-describedby=\"caption-attachment-4397\" style=\"width: 1908px\" class=\"wp-caption alignnone\"><img loading=\"lazy\" decoding=\"async\" class=\"size-full wp-image-4397\" src=\"http:\/\/fifv.cl\/2016\/wp-content\/uploads\/2016\/10\/VRC8049.jpg\" alt=\"Predio (Marconi ) Javier \u00c0lvarez\" width=\"1908\" height=\"1269\" srcset=\"https:\/\/fifv.cl\/2016\/wp-content\/uploads\/2016\/10\/VRC8049.jpg 1908w, https:\/\/fifv.cl\/2016\/wp-content\/uploads\/2016\/10\/VRC8049-300x200.jpg 300w, https:\/\/fifv.cl\/2016\/wp-content\/uploads\/2016\/10\/VRC8049-768x511.jpg 768w, https:\/\/fifv.cl\/2016\/wp-content\/uploads\/2016\/10\/VRC8049-1024x681.jpg 1024w, https:\/\/fifv.cl\/2016\/wp-content\/uploads\/2016\/10\/VRC8049-750x499.jpg 750w\" sizes=\"auto, (max-width: 1908px) 100vw, 1908px\" \/><figcaption id=\"caption-attachment-4397\" class=\"wp-caption-text\">Predio (Marconi ) Javier \u00c0lvarez<\/figcaption><\/figure>\n<p><img loading=\"lazy\" decoding=\"async\" class=\"alignnone size-full wp-image-4398\" src=\"http:\/\/fifv.cl\/2016\/wp-content\/uploads\/2016\/10\/VRC8010.jpg\" alt=\"_vrc8010\" width=\"2000\" height=\"1331\" srcset=\"https:\/\/fifv.cl\/2016\/wp-content\/uploads\/2016\/10\/VRC8010.jpg 2000w, https:\/\/fifv.cl\/2016\/wp-content\/uploads\/2016\/10\/VRC8010-300x200.jpg 300w, https:\/\/fifv.cl\/2016\/wp-content\/uploads\/2016\/10\/VRC8010-768x511.jpg 768w, https:\/\/fifv.cl\/2016\/wp-content\/uploads\/2016\/10\/VRC8010-1024x681.jpg 1024w, https:\/\/fifv.cl\/2016\/wp-content\/uploads\/2016\/10\/VRC8010-750x499.jpg 750w\" sizes=\"auto, (max-width: 2000px) 100vw, 2000px\" \/><\/p>\n<p><img loading=\"lazy\" decoding=\"async\" class=\"alignnone size-full wp-image-4399\" src=\"http:\/\/fifv.cl\/2016\/wp-content\/uploads\/2016\/10\/VRC8139.jpg\" alt=\"_vrc8139\" width=\"2000\" height=\"1331\" srcset=\"https:\/\/fifv.cl\/2016\/wp-content\/uploads\/2016\/10\/VRC8139.jpg 2000w, https:\/\/fifv.cl\/2016\/wp-content\/uploads\/2016\/10\/VRC8139-300x200.jpg 300w, https:\/\/fifv.cl\/2016\/wp-content\/uploads\/2016\/10\/VRC8139-768x511.jpg 768w, https:\/\/fifv.cl\/2016\/wp-content\/uploads\/2016\/10\/VRC8139-1024x681.jpg 1024w, https:\/\/fifv.cl\/2016\/wp-content\/uploads\/2016\/10\/VRC8139-750x499.jpg 750w\" sizes=\"auto, (max-width: 2000px) 100vw, 2000px\" \/><\/p>\n<p><img loading=\"lazy\" decoding=\"async\" class=\"alignnone size-full wp-image-4400\" src=\"http:\/\/fifv.cl\/2016\/wp-content\/uploads\/2016\/10\/VRC8156.jpg\" alt=\"_vrc8156\" width=\"2000\" height=\"1331\" srcset=\"https:\/\/fifv.cl\/2016\/wp-content\/uploads\/2016\/10\/VRC8156.jpg 2000w, https:\/\/fifv.cl\/2016\/wp-content\/uploads\/2016\/10\/VRC8156-300x200.jpg 300w, https:\/\/fifv.cl\/2016\/wp-content\/uploads\/2016\/10\/VRC8156-768x511.jpg 768w, https:\/\/fifv.cl\/2016\/wp-content\/uploads\/2016\/10\/VRC8156-1024x681.jpg 1024w, https:\/\/fifv.cl\/2016\/wp-content\/uploads\/2016\/10\/VRC8156-750x499.jpg 750w\" sizes=\"auto, (max-width: 2000px) 100vw, 2000px\" \/><\/p>\n","protected":false},"excerpt":{"rendered":"<p>Predio (Marconi) de Javier \u00c1lvarez fue inaugurado este lunes 31 de octubre en Casa Plan.\u00a0 \u201cGracias a todas las personas. Es bonito encontrarse compartir estas historias humanas, sencillas, capturar el [&hellip;]<\/p>\n","protected":false},"author":2,"featured_media":4398,"comment_status":"closed","ping_status":"open","sticky":false,"template":"","format":"standard","meta":{"footnotes":""},"categories":[10],"tags":[],"class_list":["post-4396","post","type-post","status-publish","format-standard","has-post-thumbnail","hentry","category-noticias"],"_links":{"self":[{"href":"https:\/\/fifv.cl\/2016\/wp-json\/wp\/v2\/posts\/4396","targetHints":{"allow":["GET"]}}],"collection":[{"href":"https:\/\/fifv.cl\/2016\/wp-json\/wp\/v2\/posts"}],"about":[{"href":"https:\/\/fifv.cl\/2016\/wp-json\/wp\/v2\/types\/post"}],"author":[{"embeddable":true,"href":"https:\/\/fifv.cl\/2016\/wp-json\/wp\/v2\/users\/2"}],"replies":[{"embeddable":true,"href":"https:\/\/fifv.cl\/2016\/wp-json\/wp\/v2\/comments?post=4396"}],"version-history":[{"count":5,"href":"https:\/\/fifv.cl\/2016\/wp-json\/wp\/v2\/posts\/4396\/revisions"}],"predecessor-version":[{"id":5246,"href":"https:\/\/fifv.cl\/2016\/wp-json\/wp\/v2\/posts\/4396\/revisions\/5246"}],"wp:featuredmedia":[{"embeddable":true,"href":"https:\/\/fifv.cl\/2016\/wp-json\/wp\/v2\/media\/4398"}],"wp:attachment":[{"href":"https:\/\/fifv.cl\/2016\/wp-json\/wp\/v2\/media?parent=4396"}],"wp:term":[{"taxonomy":"category","embeddable":true,"href":"https:\/\/fifv.cl\/2016\/wp-json\/wp\/v2\/categories?post=4396"},{"taxonomy":"post_tag","embeddable":true,"href":"https:\/\/fifv.cl\/2016\/wp-json\/wp\/v2\/tags?post=4396"}],"curies":[{"name":"wp","href":"https:\/\/api.w.org\/{rel}","templated":true}]}}