{"id":444,"date":"2015-10-22T10:20:32","date_gmt":"2015-10-22T13:20:32","guid":{"rendered":"http:\/\/www.fifv.cl\/2015-final\/?p=444"},"modified":"2016-10-15T15:36:11","modified_gmt":"2016-10-15T18:36:11","slug":"nicolas-wormull","status":"publish","type":"post","link":"https:\/\/fifv.cl\/2016\/nicolas-wormull\/","title":{"rendered":"Luis Poirot"},"content":{"rendered":"<p>Naci\u00f3 en Santiago de Chile en 1940. Fot\u00f3grafo desde hace 52 a\u00f1os.\u00a0Su relaci\u00f3n con la fotograf\u00eda comenz\u00f3 a ra\u00edz de su v\u00ednculo con el teatro y los actores. Ha\u00a0publicado m\u00e1s de 20 libros individuales y m\u00e1s de 40 en colectivo. Ha realizado exposiciones individuales a lo largo de su carrera en pa\u00edses como Chile, Argentina, M\u00e9xico, Bolivia, Francia, B\u00e9lgica, Estados Unidos, Espa\u00f1a, Italia, Grecia, Jap\u00f3n y Escocia, entre las que destacan: Bienal de Venecia, Museo de Arte de Yokohama, Biblioteca del Congreso de Washington y tres muestras individuales en el Museo Nacional de Bellas Artes de Santiago.<br \/>\nEl a\u00f1o 2003 recibi\u00f3 de parte del Presidente de la Rep\u00fablica Ricardo Lagos, la Medalla de Honor Presidencial Pablo Neruda, por su contribuci\u00f3n a la Cultura de Chile.\u00a0Fue Agregado Cultural de Chile en B\u00e9lgica entre los a\u00f1os 2001 y 2005.\u00a0Vivi\u00f3 en Espa\u00f1a durante 10 a\u00f1os, donde trabaj\u00f3 como fot\u00f3grafo de planta para el Diario El Pais.\u00a0Durante su larga carrera como fot\u00f3grafo ha desarrollado una mirada personal, realizando retratos de intelectuales chilenos y contribuyendo a crear la memoria hist\u00f3rica de Chile, rescatando el patrimonio cultural a trav\u00e9s de sus im\u00e1genes.<\/p>\n","protected":false},"excerpt":{"rendered":"<p>Naci\u00f3 en Santiago de Chile en 1940. Fot\u00f3grafo desde hace 52 a\u00f1os.\u00a0Su relaci\u00f3n con la fotograf\u00eda comenz\u00f3 a ra\u00edz de su v\u00ednculo con el teatro y los actores. Ha\u00a0publicado m\u00e1s [&hellip;]<\/p>\n","protected":false},"author":2,"featured_media":2599,"comment_status":"closed","ping_status":"open","sticky":false,"template":"","format":"standard","meta":{"footnotes":""},"categories":[17],"tags":[],"class_list":["post-444","post","type-post","status-publish","format-standard","has-post-thumbnail","hentry","category-invitados-adicionales"],"_links":{"self":[{"href":"https:\/\/fifv.cl\/2016\/wp-json\/wp\/v2\/posts\/444","targetHints":{"allow":["GET"]}}],"collection":[{"href":"https:\/\/fifv.cl\/2016\/wp-json\/wp\/v2\/posts"}],"about":[{"href":"https:\/\/fifv.cl\/2016\/wp-json\/wp\/v2\/types\/post"}],"author":[{"embeddable":true,"href":"https:\/\/fifv.cl\/2016\/wp-json\/wp\/v2\/users\/2"}],"replies":[{"embeddable":true,"href":"https:\/\/fifv.cl\/2016\/wp-json\/wp\/v2\/comments?post=444"}],"version-history":[{"count":7,"href":"https:\/\/fifv.cl\/2016\/wp-json\/wp\/v2\/posts\/444\/revisions"}],"predecessor-version":[{"id":2758,"href":"https:\/\/fifv.cl\/2016\/wp-json\/wp\/v2\/posts\/444\/revisions\/2758"}],"wp:featuredmedia":[{"embeddable":true,"href":"https:\/\/fifv.cl\/2016\/wp-json\/wp\/v2\/media\/2599"}],"wp:attachment":[{"href":"https:\/\/fifv.cl\/2016\/wp-json\/wp\/v2\/media?parent=444"}],"wp:term":[{"taxonomy":"category","embeddable":true,"href":"https:\/\/fifv.cl\/2016\/wp-json\/wp\/v2\/categories?post=444"},{"taxonomy":"post_tag","embeddable":true,"href":"https:\/\/fifv.cl\/2016\/wp-json\/wp\/v2\/tags?post=444"}],"curies":[{"name":"wp","href":"https:\/\/api.w.org\/{rel}","templated":true}]}}