{"id":4440,"date":"2016-11-11T15:50:39","date_gmt":"2016-11-11T18:50:39","guid":{"rendered":"http:\/\/fifv.cl\/2016\/?p=4440"},"modified":"2016-11-19T10:06:57","modified_gmt":"2016-11-19T13:06:57","slug":"visita-exposicion-france-vue-dici-en-muelle-prat","status":"publish","type":"post","link":"https:\/\/fifv.cl\/2016\/visita-exposicion-france-vue-dici-en-muelle-prat\/","title":{"rendered":"Visita exposici\u00f3n \u00abFrance Vue d\u00b4Ici\u00bb en Muelle Prat"},"content":{"rendered":"<p>Ya puedes visitar en el muelle Prat France Vue d\u00b4Ici\u201d (\u201cFrancia vista desde aqu\u00ed\u201d). La organizaci\u00f3n del\u00a0 FIFV oficializ\u00f3 el a\u00f1o pasado un acuerdo de colaboraci\u00f3n con el certamen franc\u00e9s \u201cImages Singuli\u00e8res\u201d de S\u00e8te, una de las plataformas claves de la fotograf\u00eda contempor\u00e1nea.<\/p>\n<p>Dentro de este convenio, el festival europeo present\u00f3 en Valpara\u00edso este proyecto en el que m\u00e1s de 50 j\u00f3venes fot\u00f3grafos forman parte de este proyecto art\u00edstico de transmisi\u00f3n e intercambio.<br \/>\n<a href=\"http:\/\/fifv.cl\/2016\/visita-exposicio\u2026i-en-muelle-prat\/\"><!--more--><\/a><\/p>\n<p>Guilles Favier, director del Festival de Fotograf\u00eda Images Singuli\u00e8res (S\u00e8te, Francia) nos cont\u00f3 sobre esta galer\u00eda \u201cLa exposici\u00f3n es interesante y entretenida. Fueron m\u00e1s de mil fotos las que fueron seleccionadas, este trabajo constituye sobre todo un trabajo de memoria y de reflexi\u00f3n sobre la Francia actual y se define como una experiencia democr\u00e1tica contributiva, art\u00edstica y ciudadana\u201d.<\/p>\n<p>Esta muestra fotogr\u00e1fica abarca distintas tem\u00e1ticas, que van desde el mundo obrero a la burgues\u00eda. La instalaci\u00f3n est\u00e1\u00a0en el Muelle Prat, el \u00fanico lugar de acceso p\u00fablico donde se puede observar de d\u00eda y de noche la actividad de los grandes barcos y las gr\u00faas de carga. Dentro de dos m\u00f3dulos facilitados por el Festival Teatro Container, los visitantes podr\u00e1n ingresar y ver esta proyecci\u00f3n de im\u00e1genes, una experiencia sensorial \u00fanica en el espacio p\u00fablico del puerto.<\/p>\n<figure id=\"attachment_4438\" aria-describedby=\"caption-attachment-4438\" style=\"width: 1500px\" class=\"wp-caption alignright\"><img loading=\"lazy\" decoding=\"async\" class=\"wp-image-4438 size-full\" src=\"http:\/\/fifv.cl\/2016\/wp-content\/uploads\/2015\/10\/IMG_6716.jpg\" alt=\"Inauguraci\u00f3n de la exposiciones La France Vue D' ici en Valpara\u00edso, FIFV 2016. \u00a9Daniel Villagran\" width=\"1500\" height=\"1000\" srcset=\"https:\/\/fifv.cl\/2016\/wp-content\/uploads\/2015\/10\/IMG_6716.jpg 1500w, https:\/\/fifv.cl\/2016\/wp-content\/uploads\/2015\/10\/IMG_6716-300x200.jpg 300w, https:\/\/fifv.cl\/2016\/wp-content\/uploads\/2015\/10\/IMG_6716-768x512.jpg 768w, https:\/\/fifv.cl\/2016\/wp-content\/uploads\/2015\/10\/IMG_6716-1024x683.jpg 1024w, https:\/\/fifv.cl\/2016\/wp-content\/uploads\/2015\/10\/IMG_6716-750x500.jpg 750w\" sizes=\"auto, (max-width: 1500px) 100vw, 1500px\" \/><figcaption id=\"caption-attachment-4438\" class=\"wp-caption-text\">Inauguraci\u00f3n de la exposiciones La France Vue D&#8217; ici en Valpara\u00edso, FIFV 2016. \u00a9Daniel Villagran<\/figcaption><\/figure>\n<p><img loading=\"lazy\" decoding=\"async\" class=\"size-full wp-image-4439\" src=\"http:\/\/fifv.cl\/2016\/wp-content\/uploads\/2015\/10\/IMG_6725.jpg\" alt=\"Inauguraci\u00f3n de la exposiciones La France Vue D' ici en Valpara\u00edso, FIFV 2016. \u00a9Daniel Villagran\" width=\"1500\" height=\"1000\" srcset=\"https:\/\/fifv.cl\/2016\/wp-content\/uploads\/2015\/10\/IMG_6725.jpg 1500w, https:\/\/fifv.cl\/2016\/wp-content\/uploads\/2015\/10\/IMG_6725-300x200.jpg 300w, https:\/\/fifv.cl\/2016\/wp-content\/uploads\/2015\/10\/IMG_6725-768x512.jpg 768w, https:\/\/fifv.cl\/2016\/wp-content\/uploads\/2015\/10\/IMG_6725-1024x683.jpg 1024w, https:\/\/fifv.cl\/2016\/wp-content\/uploads\/2015\/10\/IMG_6725-750x500.jpg 750w\" sizes=\"auto, (max-width: 1500px) 100vw, 1500px\" \/>Inauguraci\u00f3n de la exposiciones La France Vue D&#8217; ici en Valpara\u00edso, FIFV 2016. \u00a9Daniel Villagran<\/p>\n<figure id=\"attachment_4432\" aria-describedby=\"caption-attachment-4432\" style=\"width: 1500px\" class=\"wp-caption alignnone\"><img loading=\"lazy\" decoding=\"async\" class=\"size-full wp-image-4432\" src=\"http:\/\/fifv.cl\/2016\/wp-content\/uploads\/2015\/10\/VRC8230.jpg\" alt=\"Inauguraci\u00f3n de la exposiciones La France Vue D' ici en Valpara\u00edso, FIFV 2016. \u00a9Victor Ruiz Caballero\" width=\"1500\" height=\"998\" srcset=\"https:\/\/fifv.cl\/2016\/wp-content\/uploads\/2015\/10\/VRC8230.jpg 1500w, https:\/\/fifv.cl\/2016\/wp-content\/uploads\/2015\/10\/VRC8230-300x200.jpg 300w, https:\/\/fifv.cl\/2016\/wp-content\/uploads\/2015\/10\/VRC8230-768x511.jpg 768w, https:\/\/fifv.cl\/2016\/wp-content\/uploads\/2015\/10\/VRC8230-1024x681.jpg 1024w, https:\/\/fifv.cl\/2016\/wp-content\/uploads\/2015\/10\/VRC8230-750x499.jpg 750w\" sizes=\"auto, (max-width: 1500px) 100vw, 1500px\" \/><figcaption id=\"caption-attachment-4432\" class=\"wp-caption-text\">Inauguraci\u00f3n de la exposiciones La France Vue D&#8217; ici en Valpara\u00edso, FIFV 2016. \u00a9Victor Ruiz Caballero<\/figcaption><\/figure>\n","protected":false},"excerpt":{"rendered":"<p>Ya puedes visitar en el muelle Prat France Vue d\u00b4Ici\u201d (\u201cFrancia vista desde aqu\u00ed\u201d). La organizaci\u00f3n del\u00a0 FIFV oficializ\u00f3 el a\u00f1o pasado un acuerdo de colaboraci\u00f3n con el certamen franc\u00e9s [&hellip;]<\/p>\n","protected":false},"author":2,"featured_media":4432,"comment_status":"closed","ping_status":"open","sticky":false,"template":"","format":"standard","meta":{"footnotes":""},"categories":[10],"tags":[],"class_list":["post-4440","post","type-post","status-publish","format-standard","has-post-thumbnail","hentry","category-noticias"],"_links":{"self":[{"href":"https:\/\/fifv.cl\/2016\/wp-json\/wp\/v2\/posts\/4440","targetHints":{"allow":["GET"]}}],"collection":[{"href":"https:\/\/fifv.cl\/2016\/wp-json\/wp\/v2\/posts"}],"about":[{"href":"https:\/\/fifv.cl\/2016\/wp-json\/wp\/v2\/types\/post"}],"author":[{"embeddable":true,"href":"https:\/\/fifv.cl\/2016\/wp-json\/wp\/v2\/users\/2"}],"replies":[{"embeddable":true,"href":"https:\/\/fifv.cl\/2016\/wp-json\/wp\/v2\/comments?post=4440"}],"version-history":[{"count":8,"href":"https:\/\/fifv.cl\/2016\/wp-json\/wp\/v2\/posts\/4440\/revisions"}],"predecessor-version":[{"id":5257,"href":"https:\/\/fifv.cl\/2016\/wp-json\/wp\/v2\/posts\/4440\/revisions\/5257"}],"wp:featuredmedia":[{"embeddable":true,"href":"https:\/\/fifv.cl\/2016\/wp-json\/wp\/v2\/media\/4432"}],"wp:attachment":[{"href":"https:\/\/fifv.cl\/2016\/wp-json\/wp\/v2\/media?parent=4440"}],"wp:term":[{"taxonomy":"category","embeddable":true,"href":"https:\/\/fifv.cl\/2016\/wp-json\/wp\/v2\/categories?post=4440"},{"taxonomy":"post_tag","embeddable":true,"href":"https:\/\/fifv.cl\/2016\/wp-json\/wp\/v2\/tags?post=4440"}],"curies":[{"name":"wp","href":"https:\/\/api.w.org\/{rel}","templated":true}]}}