{"id":4452,"date":"2016-10-31T21:52:16","date_gmt":"2016-11-01T00:52:16","guid":{"rendered":"http:\/\/fifv.cl\/2016\/?p=4452"},"modified":"2016-11-16T23:36:06","modified_gmt":"2016-11-17T02:36:06","slug":"finaliza-segunda-jornada-de-dialogos-fotograficos-en-el-internado","status":"publish","type":"post","link":"https:\/\/fifv.cl\/2016\/finaliza-segunda-jornada-de-dialogos-fotograficos-en-el-internado\/","title":{"rendered":"Finaliza segunda jornada de di\u00e1logos fotogr\u00e1ficos en El Internado"},"content":{"rendered":"<p>Una nueva jornada de di\u00e1logos se vivi\u00f3 en El Internado (Dimalow 167. Cerro Alegre). Hoy se present\u00f3 el autor espa\u00f1ol Javier Valbuena el cual nos habl\u00f3 sobre la fotograf\u00eda documental.<\/p>\n<p>\u201cEn la actualidad muchos fot\u00f3grafos que se dedican al documental act\u00faan y realizan sus trabajos sin respetar al otro. Capturan los momentos que est\u00e1n ocurriendo y se van. Eso sucede porque el camino y esta idea de pa\u00edses exportadores de fot\u00f3grafos se encuentran en el entredicho. Yo trabajo escuchando, hay que respetar al otro. Yo tengo la capacidad de o\u00edr y a partir de ello realizar una historia\u201d.<br \/>\n<!--more--><\/p>\n<p>Los proyectos de Valbuena tienen que ver con el viaje y la memoria, con una especial aproximaci\u00f3n a la relaci\u00f3n entre el ser humano, la fotograf\u00eda y el territorio. Su presente actividad se desarrolla en torno a su labor como: Fot\u00f3grafo fundador de la agencia NOPHOTO, el m\u00e1s importante e innovador colectivo fotogr\u00e1fico espa\u00f1ol con una trayectoria desarrollada en diferentes \u00e1mbitos desde el a\u00f1o 2005 y consolidada por la publicaci\u00f3n del PHotoBolsillo de la Editorial La F\u00e1brica, dentro de su Biblioteca de Fot\u00f3grafos Espa\u00f1oles.<\/p>\n<p>Siguiendo con los di\u00e1logos, se present\u00f3 el cineasta nacional Sebasti\u00e1n Moreno que present\u00f3 el proceso de investigaci\u00f3n de su \u00faltimo documental basado en la vida de Sergio Larra\u00edn.<\/p>\n<p>Moreno nos explic\u00f3 que una de las conclusiones que obtuvo mientras realizaba este documental que fue la fotograf\u00eda es un estado de \u201cel aqu\u00ed y el ahora\u201d algo m\u00edstico. \u201cYo quer\u00eda saber la relaci\u00f3n de Sergio Larra\u00edn el fot\u00f3grafo y el Sergio Larra\u00edn que escrib\u00eda textos m\u00edsticos, el que quer\u00eda cuidar el planeta y no cometer los errores que de vida que cometemos siempre\u201d. Fue as\u00ed que junto a su mujer, Claudia, se embarcaron en la b\u00fasqueda de informaci\u00f3n y aclarar todas las dudas y mitos entorno a \u00e9l.<\/p>\n<p>Moreno estudi\u00f3 comunicaci\u00f3n audiovisual. En 2006 estrena su primer largometraje documental \u201cLa Ciudad de los Fot\u00f3grafos\u201d, un film \u00e9pico sobre la fotograf\u00eda en tiempos de Pinochet, nominado en la DFA 2006, Festival de Cine de Valpara\u00edso 2007, Festival Tricontinental de Mil\u00e1n 2007 y Festival Internacional de Ir\u00e1n).<\/p>\n<p>La jornada finaliz\u00f3 con la presentaci\u00f3n Ana Casas Broda,\u00a0quien nos comparti\u00f3 su alegr\u00eda de venir de Chile, un pa\u00eds que ten\u00eda muchas ganas de conocer. Frente a su libro espera a llegar a buen puerto. \u201cHago mi trabajo de forma muy personal, mi primer libro fue 14 a\u00f1os, el segundo tarde 7 a\u00f1os.\u201d Album (nuevo libro) lo desarrolle en muchas fases, es una narraci\u00f3n\u201d. Para Casas el conjunto de narraci\u00f3n y la fotograf\u00eda es algo muy importante porque son espacios y procesos, \u201ccuando inicio un taller, nunca sabes a d\u00f3nde vas a llegar y eso es lo interesante de un libro que permita narrar un proceso donde no hay certezas, puede ser narrado y cambiado junto con dejar una reflexi\u00f3n en el lector.<\/p>\n<figure id=\"attachment_4453\" aria-describedby=\"caption-attachment-4453\" style=\"width: 2000px\" class=\"wp-caption aligncenter\"><img loading=\"lazy\" decoding=\"async\" class=\"size-full wp-image-4453\" src=\"http:\/\/fifv.cl\/2016\/wp-content\/uploads\/2016\/10\/VRC8307.jpg\" alt=\"El fot\u00f3grafo espa\u00f1ol participa de Di\u00e1logos Fotogr\u00e1ficos en Valpara\u00edso, FIFV 2016. \u00a9Victor Ruiz Caballero\" width=\"2000\" height=\"1331\" srcset=\"https:\/\/fifv.cl\/2016\/wp-content\/uploads\/2016\/10\/VRC8307.jpg 2000w, https:\/\/fifv.cl\/2016\/wp-content\/uploads\/2016\/10\/VRC8307-300x200.jpg 300w, https:\/\/fifv.cl\/2016\/wp-content\/uploads\/2016\/10\/VRC8307-768x511.jpg 768w, https:\/\/fifv.cl\/2016\/wp-content\/uploads\/2016\/10\/VRC8307-1024x681.jpg 1024w, https:\/\/fifv.cl\/2016\/wp-content\/uploads\/2016\/10\/VRC8307-750x499.jpg 750w\" sizes=\"auto, (max-width: 2000px) 100vw, 2000px\" \/><figcaption id=\"caption-attachment-4453\" class=\"wp-caption-text\">El fot\u00f3grafo espa\u00f1ol participa de Di\u00e1logos Fotogr\u00e1ficos en Valpara\u00edso, FIFV 2016. \u00a9Victor Ruiz Caballero<\/figcaption><\/figure>\n<figure id=\"attachment_4454\" aria-describedby=\"caption-attachment-4454\" style=\"width: 2000px\" class=\"wp-caption alignnone\"><img loading=\"lazy\" decoding=\"async\" class=\"size-full wp-image-4454\" src=\"http:\/\/fifv.cl\/2016\/wp-content\/uploads\/2016\/10\/VRC8295-1.jpg\" alt=\"El fot\u00f3grafo espa\u00f1ol participa de Di\u00e1logos Fotogr\u00e1ficos en Valpara\u00edso, FIFV 2016. \u00a9Victor Ruiz Caballero\" width=\"2000\" height=\"1331\" srcset=\"https:\/\/fifv.cl\/2016\/wp-content\/uploads\/2016\/10\/VRC8295-1.jpg 2000w, https:\/\/fifv.cl\/2016\/wp-content\/uploads\/2016\/10\/VRC8295-1-300x200.jpg 300w, https:\/\/fifv.cl\/2016\/wp-content\/uploads\/2016\/10\/VRC8295-1-768x511.jpg 768w, https:\/\/fifv.cl\/2016\/wp-content\/uploads\/2016\/10\/VRC8295-1-1024x681.jpg 1024w, https:\/\/fifv.cl\/2016\/wp-content\/uploads\/2016\/10\/VRC8295-1-750x499.jpg 750w\" sizes=\"auto, (max-width: 2000px) 100vw, 2000px\" \/><figcaption id=\"caption-attachment-4454\" class=\"wp-caption-text\">El fot\u00f3grafo espa\u00f1ol participa de Di\u00e1logos Fotogr\u00e1ficos en Valpara\u00edso, FIFV 2016. \u00a9Victor Ruiz Caballero<\/figcaption><\/figure>\n<figure id=\"attachment_4463\" aria-describedby=\"caption-attachment-4463\" style=\"width: 1965px\" class=\"wp-caption aligncenter\"><img loading=\"lazy\" decoding=\"async\" class=\"wp-image-4463 size-full\" src=\"http:\/\/fifv.cl\/2016\/wp-content\/uploads\/2016\/10\/VRC8344.jpg\" alt=\"El documentalista Sebastian Moreno participa de Di\u00e1logos Fotogr\u00e1ficos en Valpara\u00edso, FIFV 2016. \u00a9Victor Ruiz Caballero\" width=\"1965\" height=\"1308\" srcset=\"https:\/\/fifv.cl\/2016\/wp-content\/uploads\/2016\/10\/VRC8344.jpg 1965w, https:\/\/fifv.cl\/2016\/wp-content\/uploads\/2016\/10\/VRC8344-300x200.jpg 300w, https:\/\/fifv.cl\/2016\/wp-content\/uploads\/2016\/10\/VRC8344-768x511.jpg 768w, https:\/\/fifv.cl\/2016\/wp-content\/uploads\/2016\/10\/VRC8344-1024x682.jpg 1024w, https:\/\/fifv.cl\/2016\/wp-content\/uploads\/2016\/10\/VRC8344-750x499.jpg 750w\" sizes=\"auto, (max-width: 1965px) 100vw, 1965px\" \/><figcaption id=\"caption-attachment-4463\" class=\"wp-caption-text\">El documentalista Sebastian Moreno participa de Di\u00e1logos Fotogr\u00e1ficos en Valpara\u00edso, FIFV 2016. \u00a9Victor Ruiz Caballero<\/figcaption><\/figure>\n<figure id=\"attachment_4464\" aria-describedby=\"caption-attachment-4464\" style=\"width: 2000px\" class=\"wp-caption aligncenter\"><img loading=\"lazy\" decoding=\"async\" class=\"wp-image-4464 size-full\" src=\"http:\/\/fifv.cl\/2016\/wp-content\/uploads\/2016\/10\/VRC8353.jpg\" alt=\"El documentalista Sebastian Moreno participa de Di\u00e1logos Fotogr\u00e1ficos en Valpara\u00edso, FIFV 2016. \u00a9Victor Ruiz Caballero\" width=\"2000\" height=\"1331\" srcset=\"https:\/\/fifv.cl\/2016\/wp-content\/uploads\/2016\/10\/VRC8353.jpg 2000w, https:\/\/fifv.cl\/2016\/wp-content\/uploads\/2016\/10\/VRC8353-300x200.jpg 300w, https:\/\/fifv.cl\/2016\/wp-content\/uploads\/2016\/10\/VRC8353-768x511.jpg 768w, https:\/\/fifv.cl\/2016\/wp-content\/uploads\/2016\/10\/VRC8353-1024x681.jpg 1024w, https:\/\/fifv.cl\/2016\/wp-content\/uploads\/2016\/10\/VRC8353-750x499.jpg 750w\" sizes=\"auto, (max-width: 2000px) 100vw, 2000px\" \/><figcaption id=\"caption-attachment-4464\" class=\"wp-caption-text\">El documentalista Sebastian Moreno participa de Di\u00e1logos Fotogr\u00e1ficos en Valpara\u00edso, FIFV 2016. \u00a9Victor Ruiz Caballero<\/figcaption><\/figure>\n<figure id=\"attachment_4465\" aria-describedby=\"caption-attachment-4465\" style=\"width: 2000px\" class=\"wp-caption alignnone\"><img loading=\"lazy\" decoding=\"async\" class=\"size-full wp-image-4465\" src=\"http:\/\/fifv.cl\/2016\/wp-content\/uploads\/2016\/10\/VRC8390.jpg\" alt=\"La curadora Ana Casa Broda participa de Di\u00e1logos Fotogr\u00e1ficos en Valpara\u00edso, FIFV 2016. \u00a9Victor Ruiz Caballero\" width=\"2000\" height=\"1331\" srcset=\"https:\/\/fifv.cl\/2016\/wp-content\/uploads\/2016\/10\/VRC8390.jpg 2000w, https:\/\/fifv.cl\/2016\/wp-content\/uploads\/2016\/10\/VRC8390-300x200.jpg 300w, https:\/\/fifv.cl\/2016\/wp-content\/uploads\/2016\/10\/VRC8390-768x511.jpg 768w, https:\/\/fifv.cl\/2016\/wp-content\/uploads\/2016\/10\/VRC8390-1024x681.jpg 1024w, https:\/\/fifv.cl\/2016\/wp-content\/uploads\/2016\/10\/VRC8390-750x499.jpg 750w\" sizes=\"auto, (max-width: 2000px) 100vw, 2000px\" \/><figcaption id=\"caption-attachment-4465\" class=\"wp-caption-text\">La curadora Ana Casa Broda participa de Di\u00e1logos Fotogr\u00e1ficos en Valpara\u00edso, FIFV 2016. \u00a9Victor Ruiz Caballero<\/figcaption><\/figure>\n<figure id=\"attachment_4466\" aria-describedby=\"caption-attachment-4466\" style=\"width: 2000px\" class=\"wp-caption alignnone\"><img loading=\"lazy\" decoding=\"async\" class=\"size-full wp-image-4466\" src=\"http:\/\/fifv.cl\/2016\/wp-content\/uploads\/2016\/10\/VRC8375.jpg\" alt=\"La curadora Ana Casa Broda participa de Di\u00e1logos Fotogr\u00e1ficos en Valpara\u00edso, FIFV 2016. \u00a9Victor Ruiz Caballero\" width=\"2000\" height=\"1331\" srcset=\"https:\/\/fifv.cl\/2016\/wp-content\/uploads\/2016\/10\/VRC8375.jpg 2000w, https:\/\/fifv.cl\/2016\/wp-content\/uploads\/2016\/10\/VRC8375-300x200.jpg 300w, https:\/\/fifv.cl\/2016\/wp-content\/uploads\/2016\/10\/VRC8375-768x511.jpg 768w, https:\/\/fifv.cl\/2016\/wp-content\/uploads\/2016\/10\/VRC8375-1024x681.jpg 1024w, https:\/\/fifv.cl\/2016\/wp-content\/uploads\/2016\/10\/VRC8375-750x499.jpg 750w\" sizes=\"auto, (max-width: 2000px) 100vw, 2000px\" \/><figcaption id=\"caption-attachment-4466\" class=\"wp-caption-text\">La curadora Ana Casa Broda participa de Di\u00e1logos Fotogr\u00e1ficos en Valpara\u00edso, FIFV 2016. \u00a9Victor Ruiz Caballero<\/figcaption><\/figure>\n","protected":false},"excerpt":{"rendered":"<p>Una nueva jornada de di\u00e1logos se vivi\u00f3 en El Internado (Dimalow 167. Cerro Alegre). Hoy se present\u00f3 el autor espa\u00f1ol Javier Valbuena el cual nos habl\u00f3 sobre la fotograf\u00eda documental. [&hellip;]<\/p>\n","protected":false},"author":2,"featured_media":4453,"comment_status":"closed","ping_status":"open","sticky":false,"template":"","format":"standard","meta":{"footnotes":""},"categories":[10],"tags":[],"class_list":["post-4452","post","type-post","status-publish","format-standard","has-post-thumbnail","hentry","category-noticias"],"_links":{"self":[{"href":"https:\/\/fifv.cl\/2016\/wp-json\/wp\/v2\/posts\/4452","targetHints":{"allow":["GET"]}}],"collection":[{"href":"https:\/\/fifv.cl\/2016\/wp-json\/wp\/v2\/posts"}],"about":[{"href":"https:\/\/fifv.cl\/2016\/wp-json\/wp\/v2\/types\/post"}],"author":[{"embeddable":true,"href":"https:\/\/fifv.cl\/2016\/wp-json\/wp\/v2\/users\/2"}],"replies":[{"embeddable":true,"href":"https:\/\/fifv.cl\/2016\/wp-json\/wp\/v2\/comments?post=4452"}],"version-history":[{"count":5,"href":"https:\/\/fifv.cl\/2016\/wp-json\/wp\/v2\/posts\/4452\/revisions"}],"predecessor-version":[{"id":5256,"href":"https:\/\/fifv.cl\/2016\/wp-json\/wp\/v2\/posts\/4452\/revisions\/5256"}],"wp:featuredmedia":[{"embeddable":true,"href":"https:\/\/fifv.cl\/2016\/wp-json\/wp\/v2\/media\/4453"}],"wp:attachment":[{"href":"https:\/\/fifv.cl\/2016\/wp-json\/wp\/v2\/media?parent=4452"}],"wp:term":[{"taxonomy":"category","embeddable":true,"href":"https:\/\/fifv.cl\/2016\/wp-json\/wp\/v2\/categories?post=4452"},{"taxonomy":"post_tag","embeddable":true,"href":"https:\/\/fifv.cl\/2016\/wp-json\/wp\/v2\/tags?post=4452"}],"curies":[{"name":"wp","href":"https:\/\/api.w.org\/{rel}","templated":true}]}}