{"id":4679,"date":"2016-11-01T21:15:44","date_gmt":"2016-11-02T00:15:44","guid":{"rendered":"http:\/\/fifv.cl\/2016\/?p=4679"},"modified":"2016-11-16T23:34:33","modified_gmt":"2016-11-17T02:34:33","slug":"exitosa-jornada-dj-books-en-el-internado","status":"publish","type":"post","link":"https:\/\/fifv.cl\/2016\/exitosa-jornada-dj-books-en-el-internado\/","title":{"rendered":"Exitosa jornada Dj Books en el Internado."},"content":{"rendered":"<p>Este martes 1 de noviembre se realiz\u00f3 en El Internado la jornada de DJ Book, un formato en que los invitados \u201cpinchan\u201d sus fotolibros favoritos y los proyectan para el p\u00fablico presente. Nuestras sesiones de DJ Book tienen como fin conocer el mundo \u00edntimo de cada invitado, a trav\u00e9s de los fotolibros que los inspiran y han marcado su carrera.<\/p>\n<p><a href=\"http:\/\/fifv.cl\/2016\/exitosa-jornada-\u2026-en-el-internado\/\"><!--more--><\/a><\/p>\n<p>Isabel Fern\u00e1ndez y Catalina de la Cruz\u00a0(Chile) recorrieron libros de su autor\u00eda\u00a0y tambi\u00e9n de participantes del taller de \u201cLibro FotoQu\u00edmico\u201d, copias \u00fanicas con propuestas visuales innovadoras y que rescatan antiguas t\u00e9cnicas de emulsiones fotogr\u00e1ficas.<\/p>\n<p>\u201cNo es un trabajo que pasa por In Desing o computador. Nosotras trabajamos con la mano, con todos los materiales en la mesa, construimos con la mano. Es un trabajo muy prolijo donde cada participante del libro tiene su desarrollo y una vez q el relato se cierra deja de ser un elemento y comenzamos con los procesos de construcci\u00f3n\u201d se\u00f1alo Fern\u00e1ndez frente a las consultas por el libro foto qu\u00edmico\u201d.<\/p>\n<p>Catalina de la Cruz es Licenciada en Arte y se ha especializado en fotoemulsiones del siglo XIX y fotograf\u00eda monocroma. Por su parte, Isabel Fern\u00e1ndez es una dise\u00f1adora cuyo trabajo abarca distintas disciplinas que involucran papel y matrices, como el grabado, la fotograf\u00eda qu\u00edmica y los libros de artista.<\/p>\n<p>Carlos Avello, segundo invitado de Dj Book nos mostr\u00f3 su libro \u201cCiudad en un d\u00eda\u201d el cual trata del deterioro ambiental y el abandono patrimonial en la regi\u00f3n del Biob\u00edo, por parte de las grandes industrias que utilizan un territorio sin contemplaci\u00f3n por sus\u00a0habitantes y especies naturales.<\/p>\n<p>El fot\u00f3grafo nos \u201cpinch\u00f3\u201d otros libros previamente a \u201cCiudad en un d\u00eda\u201d y nos guio en su proceso para la construcci\u00f3n de la obra. \u201cHace muchos a\u00f1os y luego de un viaje inicial a la fotograf\u00eda quise empezar otra vez a hacer fotograf\u00edas en blanco y negro\u201d.<\/p>\n<p>Entre los a\u00f1os 2013 y 2015 obtuvo el 1er Lugar en la Categor\u00eda Naturaleza y Medio Ambiente del Sal\u00f3n Nacional de Fotoperiodismo.<\/p>\n<p>Javier Godoy es un fot\u00f3grafo independiente con destacada experiencia en medios de comunicaci\u00f3n y en la realizaci\u00f3n de proyectos fotogr\u00e1ficos de autor y documental, adem\u00e1s de ser uno de los socios fundadores de la Tienda-Galer\u00eda FLACH. Este fot\u00f3grafo nacional abord\u00f3 sus\u00a0influencias latinoamericanas, a trav\u00e9s de revistas y libros de fines de la d\u00e9cada de los 80 y \u00a090, que formaron su visi\u00f3n como autor.<\/p>\n<p>\u201cFue una \u00e9poca dif\u00edcil, era peligroso por la \u00e9poca y yo trataba de capturar momentos en que la gente intenta protestar a favor y en defensa de los derechos humanos. La \u00e9poca de los 90 fue abrirse a nuevos espacios, una transici\u00f3n que se vivi\u00f3 por el bloqueo que tuvimos los a\u00f1os anteriores, se re art\u00edculo la fotograf\u00eda\u201d manifest\u00f3 Godoy mientras nos mostraba sus galer\u00edas.<\/p>\n<p>Emiliano Valenzuela fue el \u00faltimo invitado de Dj Books. Nos mostr\u00f3 Savanna\u201d su libro que tiene que ver con una \u201cselva\u201d que vivimos. \u201cSavanna tiene que ver con la vida, un d\u00eda mirando la televisi\u00f3n vi unos leones y empec\u00e9 a relacionar que la vida no es ni la jungla ni el desierto. La vida de uno es igual, imprecisa, las cosas no pasan, carecen de movimiento y uno se la pasa as\u00ed siempre\u201d relat\u00f3 el fotogr\u00e1fo.<\/p>\n<figure id=\"attachment_4695\" aria-describedby=\"caption-attachment-4695\" style=\"width: 2000px\" class=\"wp-caption aligncenter\"><img loading=\"lazy\" decoding=\"async\" class=\"wp-image-4695 size-full\" src=\"http:\/\/fifv.cl\/2016\/wp-content\/uploads\/2016\/11\/DSC_1079.jpg\" alt=\"Isabel Fern\u00e1ndez y Catalina de la Cruz (Chile) participan en Dj Book, FIFV 2016. \u00a9Ignacio Lamas\" width=\"2000\" height=\"1335\" srcset=\"https:\/\/fifv.cl\/2016\/wp-content\/uploads\/2016\/11\/DSC_1079.jpg 2000w, https:\/\/fifv.cl\/2016\/wp-content\/uploads\/2016\/11\/DSC_1079-300x200.jpg 300w, https:\/\/fifv.cl\/2016\/wp-content\/uploads\/2016\/11\/DSC_1079-768x513.jpg 768w, https:\/\/fifv.cl\/2016\/wp-content\/uploads\/2016\/11\/DSC_1079-1024x684.jpg 1024w, https:\/\/fifv.cl\/2016\/wp-content\/uploads\/2016\/11\/DSC_1079-750x501.jpg 750w\" sizes=\"auto, (max-width: 2000px) 100vw, 2000px\" \/><figcaption id=\"caption-attachment-4695\" class=\"wp-caption-text\">Isabel Fern\u00e1ndez y Catalina de la Cruz (Chile) participan en Dj Book, FIFV 2016. \u00a9Ignacio Lamas<\/figcaption><\/figure>\n<p>&nbsp;<\/p>\n<figure id=\"attachment_4696\" aria-describedby=\"caption-attachment-4696\" style=\"width: 2000px\" class=\"wp-caption alignnone\"><img loading=\"lazy\" decoding=\"async\" class=\"size-full wp-image-4696\" src=\"http:\/\/fifv.cl\/2016\/wp-content\/uploads\/2016\/11\/DSC_1064.jpg\" alt=\"Isabel Fern\u00e1ndez y Catalina de la Cruz (Chile) participan en Dj Book, FIFV 2016. \u00a9Ignacio Lamas\" width=\"2000\" height=\"1335\" srcset=\"https:\/\/fifv.cl\/2016\/wp-content\/uploads\/2016\/11\/DSC_1064.jpg 2000w, https:\/\/fifv.cl\/2016\/wp-content\/uploads\/2016\/11\/DSC_1064-300x200.jpg 300w, https:\/\/fifv.cl\/2016\/wp-content\/uploads\/2016\/11\/DSC_1064-768x513.jpg 768w, https:\/\/fifv.cl\/2016\/wp-content\/uploads\/2016\/11\/DSC_1064-1024x684.jpg 1024w, https:\/\/fifv.cl\/2016\/wp-content\/uploads\/2016\/11\/DSC_1064-750x501.jpg 750w\" sizes=\"auto, (max-width: 2000px) 100vw, 2000px\" \/><figcaption id=\"caption-attachment-4696\" class=\"wp-caption-text\">Isabel Fern\u00e1ndez y Catalina de la Cruz (Chile) participan en Dj Book, FIFV 2016. \u00a9Ignacio Lamas<\/figcaption><\/figure>\n<p>&nbsp;<\/p>\n<figure id=\"attachment_4710\" aria-describedby=\"caption-attachment-4710\" style=\"width: 2000px\" class=\"wp-caption alignnone\"><img loading=\"lazy\" decoding=\"async\" class=\"size-full wp-image-4710\" src=\"http:\/\/fifv.cl\/2016\/wp-content\/uploads\/2016\/11\/DJBooks-1Nov.036.jpg\" alt=\"Carlos Avello (Chile) presenta el libro Ciudad de un d\u00eda ,FIFV 2016. \u00a9Victor Ruiz Caballero\" width=\"2000\" height=\"1331\" srcset=\"https:\/\/fifv.cl\/2016\/wp-content\/uploads\/2016\/11\/DJBooks-1Nov.036.jpg 2000w, https:\/\/fifv.cl\/2016\/wp-content\/uploads\/2016\/11\/DJBooks-1Nov.036-300x200.jpg 300w, https:\/\/fifv.cl\/2016\/wp-content\/uploads\/2016\/11\/DJBooks-1Nov.036-768x511.jpg 768w, https:\/\/fifv.cl\/2016\/wp-content\/uploads\/2016\/11\/DJBooks-1Nov.036-1024x681.jpg 1024w, https:\/\/fifv.cl\/2016\/wp-content\/uploads\/2016\/11\/DJBooks-1Nov.036-750x499.jpg 750w\" sizes=\"auto, (max-width: 2000px) 100vw, 2000px\" \/><figcaption id=\"caption-attachment-4710\" class=\"wp-caption-text\">Carlos Avello (Chile) presenta el libro Ciudad de un d\u00eda ,FIFV 2016. \u00a9Victor Ruiz Caballero<\/figcaption><\/figure>\n<figure id=\"attachment_4712\" aria-describedby=\"caption-attachment-4712\" style=\"width: 2000px\" class=\"wp-caption alignnone\"><img loading=\"lazy\" decoding=\"async\" class=\"size-full wp-image-4712\" src=\"http:\/\/fifv.cl\/2016\/wp-content\/uploads\/2016\/11\/DJBooks-1Nov.035.jpg\" alt=\"Carlos Avello (Chile) presenta el libro Ciudad de un d\u00eda,FIFV 2016. \u00a9Victor Ruiz Caballero\" width=\"2000\" height=\"1331\" srcset=\"https:\/\/fifv.cl\/2016\/wp-content\/uploads\/2016\/11\/DJBooks-1Nov.035.jpg 2000w, https:\/\/fifv.cl\/2016\/wp-content\/uploads\/2016\/11\/DJBooks-1Nov.035-300x200.jpg 300w, https:\/\/fifv.cl\/2016\/wp-content\/uploads\/2016\/11\/DJBooks-1Nov.035-768x511.jpg 768w, https:\/\/fifv.cl\/2016\/wp-content\/uploads\/2016\/11\/DJBooks-1Nov.035-1024x681.jpg 1024w, https:\/\/fifv.cl\/2016\/wp-content\/uploads\/2016\/11\/DJBooks-1Nov.035-750x499.jpg 750w\" sizes=\"auto, (max-width: 2000px) 100vw, 2000px\" \/><figcaption id=\"caption-attachment-4712\" class=\"wp-caption-text\">Carlos Avello (Chile) presenta el libro Ciudad de un d\u00eda,FIFV 2016. \u00a9Victor Ruiz Caballero<\/figcaption><\/figure>\n<figure id=\"attachment_4716\" aria-describedby=\"caption-attachment-4716\" style=\"width: 2000px\" class=\"wp-caption alignnone\"><img loading=\"lazy\" decoding=\"async\" class=\"size-full wp-image-4716\" src=\"http:\/\/fifv.cl\/2016\/wp-content\/uploads\/2016\/11\/DJBooks-1Nov.033.jpg\" alt=\"Javier Godoy (Chile) presenta los libros que han sido importantes en su profesi\u00f3n,FIFV 2016. \u00a9Victor Ruiz Caballero\" width=\"2000\" height=\"1331\" srcset=\"https:\/\/fifv.cl\/2016\/wp-content\/uploads\/2016\/11\/DJBooks-1Nov.033.jpg 2000w, https:\/\/fifv.cl\/2016\/wp-content\/uploads\/2016\/11\/DJBooks-1Nov.033-300x200.jpg 300w, https:\/\/fifv.cl\/2016\/wp-content\/uploads\/2016\/11\/DJBooks-1Nov.033-768x511.jpg 768w, https:\/\/fifv.cl\/2016\/wp-content\/uploads\/2016\/11\/DJBooks-1Nov.033-1024x681.jpg 1024w, https:\/\/fifv.cl\/2016\/wp-content\/uploads\/2016\/11\/DJBooks-1Nov.033-750x499.jpg 750w\" sizes=\"auto, (max-width: 2000px) 100vw, 2000px\" \/><figcaption id=\"caption-attachment-4716\" class=\"wp-caption-text\">Javier Godoy (Chile) presenta los libros que han sido importantes en su profesi\u00f3n,FIFV 2016. \u00a9Victor Ruiz Caballero<\/figcaption><\/figure>\n<figure id=\"attachment_4718\" aria-describedby=\"caption-attachment-4718\" style=\"width: 2000px\" class=\"wp-caption alignnone\"><img loading=\"lazy\" decoding=\"async\" class=\"size-full wp-image-4718\" src=\"http:\/\/fifv.cl\/2016\/wp-content\/uploads\/2016\/11\/DJBooks-1Nov.034.jpg\" alt=\"Javier Godoy (Chile) presenta los libros que han sido importantes en su profesi\u00f3n,FIFV 2016. \u00a9Victor Ruiz Caballero\" width=\"2000\" height=\"1331\" srcset=\"https:\/\/fifv.cl\/2016\/wp-content\/uploads\/2016\/11\/DJBooks-1Nov.034.jpg 2000w, https:\/\/fifv.cl\/2016\/wp-content\/uploads\/2016\/11\/DJBooks-1Nov.034-300x200.jpg 300w, https:\/\/fifv.cl\/2016\/wp-content\/uploads\/2016\/11\/DJBooks-1Nov.034-768x511.jpg 768w, https:\/\/fifv.cl\/2016\/wp-content\/uploads\/2016\/11\/DJBooks-1Nov.034-1024x681.jpg 1024w, https:\/\/fifv.cl\/2016\/wp-content\/uploads\/2016\/11\/DJBooks-1Nov.034-750x499.jpg 750w\" sizes=\"auto, (max-width: 2000px) 100vw, 2000px\" \/><figcaption id=\"caption-attachment-4718\" class=\"wp-caption-text\">Javier Godoy (Chile) presenta los libros que han sido importantes en su profesi\u00f3n,FIFV 2016. \u00a9Victor Ruiz Caballero<\/figcaption><\/figure>\n","protected":false},"excerpt":{"rendered":"<p>Este martes 1 de noviembre se realiz\u00f3 en El Internado la jornada de DJ Book, un formato en que los invitados \u201cpinchan\u201d sus fotolibros favoritos y los proyectan para el [&hellip;]<\/p>\n","protected":false},"author":2,"featured_media":4696,"comment_status":"closed","ping_status":"open","sticky":false,"template":"","format":"standard","meta":{"footnotes":""},"categories":[10],"tags":[],"class_list":["post-4679","post","type-post","status-publish","format-standard","has-post-thumbnail","hentry","category-noticias"],"_links":{"self":[{"href":"https:\/\/fifv.cl\/2016\/wp-json\/wp\/v2\/posts\/4679","targetHints":{"allow":["GET"]}}],"collection":[{"href":"https:\/\/fifv.cl\/2016\/wp-json\/wp\/v2\/posts"}],"about":[{"href":"https:\/\/fifv.cl\/2016\/wp-json\/wp\/v2\/types\/post"}],"author":[{"embeddable":true,"href":"https:\/\/fifv.cl\/2016\/wp-json\/wp\/v2\/users\/2"}],"replies":[{"embeddable":true,"href":"https:\/\/fifv.cl\/2016\/wp-json\/wp\/v2\/comments?post=4679"}],"version-history":[{"count":3,"href":"https:\/\/fifv.cl\/2016\/wp-json\/wp\/v2\/posts\/4679\/revisions"}],"predecessor-version":[{"id":5255,"href":"https:\/\/fifv.cl\/2016\/wp-json\/wp\/v2\/posts\/4679\/revisions\/5255"}],"wp:featuredmedia":[{"embeddable":true,"href":"https:\/\/fifv.cl\/2016\/wp-json\/wp\/v2\/media\/4696"}],"wp:attachment":[{"href":"https:\/\/fifv.cl\/2016\/wp-json\/wp\/v2\/media?parent=4679"}],"wp:term":[{"taxonomy":"category","embeddable":true,"href":"https:\/\/fifv.cl\/2016\/wp-json\/wp\/v2\/categories?post=4679"},{"taxonomy":"post_tag","embeddable":true,"href":"https:\/\/fifv.cl\/2016\/wp-json\/wp\/v2\/tags?post=4679"}],"curies":[{"name":"wp","href":"https:\/\/api.w.org\/{rel}","templated":true}]}}