{"id":4781,"date":"2016-11-02T22:17:07","date_gmt":"2016-11-03T01:17:07","guid":{"rendered":"http:\/\/fifv.cl\/2016\/?p=4781"},"modified":"2016-11-16T23:32:20","modified_gmt":"2016-11-17T02:32:20","slug":"jornada-de-dialogos-fotograficos-en-el-internado","status":"publish","type":"post","link":"https:\/\/fifv.cl\/2016\/jornada-de-dialogos-fotograficos-en-el-internado\/","title":{"rendered":"Jornada de di\u00e1logos fotogr\u00e1ficos en \u00abEl Internado\u00bb"},"content":{"rendered":"<p>Este mi\u00e9rcoles se realiz\u00f3 una nueva jornada de di\u00e1logos en El Internado en el cual se presentaron Christian Jamett del Festival Internacional de Fotograf\u00eda de Arica, Alex Hern\u00e1ndez del Encuentro de Formaci\u00f3n Fotogr\u00e1fica\u00a0 Los Lagos, Milko Carre\u00f1o del Festival de Fotograf\u00eda de la Sexta Regi\u00f3n y Crist\u00f3bal Barrientos de revista Guerrilla donde dialogaron en torno a lo que significa producir encuentros de fotograf\u00eda desde zonas remotas del pa\u00eds.<\/p>\n<p><a href=\"http:\/\/fifv.cl\/2016\/jornada-de-dialo\u2026-en-el-internado\/\"><!--more--><\/a><\/p>\n<p>Jamett nos habl\u00f3 de Foto-Arica el cual tiene sus convocatorias abiertas a nivel nacional para participar en los salones y talleres de foto que tiene el festival. \u00abLa idea es acercar a la comunidad la fotograf\u00eda\u00bb se\u00f1alo el invitado.<\/p>\n<p>Milko Carre\u00f1o expuso sobre FESFS, un festival regional pero abierto al pa\u00eds. \u201cHay talleres gratuitos de fotograf\u00eda y la idea es tratar de nivelar a los que no tienen estudios formales de fotograf\u00eda para que entiendan el valor de una foto y sepan lo que es\u201d. Festival FESFS comenz\u00f3 en marzo del 2015 \u00a0y gracias al Fondart en el a\u00f1o 2016, el taller Imagen Latente realiz\u00f3 la segunda versi\u00f3n de este, el cual pretende posicionar la fotograf\u00eda con el eje de la cultura en la regi\u00f3n.<\/p>\n<p>Durante la charla de Alex Hern\u00e1ndez conocimos sobre Encuentro de Formaci\u00f3n Fotogr\u00e1fica\u00a0 de Los Lagos. \u201cLo que hacemos es charlas abiertas que tienen muchas visitas y se agradece a las personas que se acercan a nosotros porque as\u00ed nos damos cuenta que a las personas le importa conocer acerca de la fotograf\u00eda\u201d.<\/p>\n<p>Crist\u00f3bal Barrientos nos mostr\u00f3 \u201cGuerrilla\u201d, es una editorial de fotograf\u00eda que parte el 2011, tiene 12 n\u00fameros a la fecha y ya posee una convocatoria nueva. \u201cEs motivante cuando hay inter\u00e9s en fotograf\u00eda. Quiero agradecer al festival la invitaci\u00f3n y estoy feliz por estos proyectos fotogr\u00e1ficos\u201d.<\/p>\n<p>El Circuito de Espacios Domesticos (CED) est\u00e1 compuesto de siete iniciativas emergentes de la ciudad puerto: Espacio G Coop, G\u00e1lvez Inc., \u00c1ncora517, Worm Gallery cantera de arte independiente, La Posada de Mar\u00eda, Nekoe, y La Pan Galer\u00eda Experimental.<\/p>\n<p>En esta ocasi\u00f3n se present\u00f3 Jos\u00e9 Pemjean y Juvenal Barr\u00eda, directores de G\u00e1lvez Inc., junto a Nancy Mansilla Alvarado de La Pan Galer\u00eda.\u00a0Jose Pemjean se\u00f1alo \u201csomos (CED) un colectivo de iniciativas que es mutante de muchas otras iniciativas, funcionamos como productores, no estamos cerrados ya que trabajamos con galer\u00edas activas\u201d. CED tiene cuatro ejemplares ya lanzados en revista. \u201cDel mapa a la casa\u201d es \u00faltimo libro editado que habla sobre procesos de auto gesti\u00f3n y colaboraci\u00f3n en Valpara\u00edso. Este libro recopila lo que ha pasado y c\u00f3mo funcionan proyectos fotogr\u00e1ficos durante los \u00faltimos a\u00f1os en el puerto. La segunda parte del libro tiene ver como CED se autodefine, sus formas de funcionamiento y vida.<\/p>\n<p>La periodista trasandina Romina Resuche mediante DJ Book ense\u00f1\u00f3 las \u00faltimas producciones de editoriales argentinas y autopublicaciones recientes, que no est\u00e1n presentes a\u00fan en nuestro pa\u00eds.<\/p>\n<p>\u201cMe pareci\u00f3 interesante la idea de dj book porque de esta forma pudimos ver en conjunto con el p\u00fablico las distintas editoriales que traje ya que cada una trabaja de manera distinta\u201d. Resuche present\u00f3 trabajos de C\u00f3rdova, hist\u00f3ricos y llamativos. Libros de bit\u00e1coras de fotogr\u00e1fos argentinos peque\u00f1as exhibiciones de material pero en formato libro.<\/p>\n<p>Resuche actualmente coordina con Wabi Sabi -residencia laboratorio en el delta del Paran\u00e1- y colabora \u00a0como coordinadora y curadora de las exposiciones de las Brigadas Fotogr\u00e1ficas del FIFV.<\/p>\n<p>Para finalizar la sesi\u00f3n se present\u00f3 el pintor vi\u00f1amarino Jos\u00e9 Basso, con una fruct\u00edfera y reconocida carrera art\u00edstica que le ha valido reconocimientos en Estados Unidos, Argentina e Inglaterra. Junto a \u00e9l se presentar\u00e1 Lucas Urenda, fot\u00f3grafo y fundador de la Agencia Cero. Adem\u00e1s de Elisa Massardo, editora de la revista Arte al L\u00edmite,quien se encarg\u00f3 de la mediaci\u00f3n entre los dos invitados.<\/p>\n<p>\u201cYo empec\u00e9 con fotograf\u00edas para documentar obras \u201cin situ. Cuando comenc\u00e9 era una \u00e9poca complicada, principios de los 70, hab\u00eda que pedir permiso para todo pero las fotograf\u00edas tuvieron harto \u00e9xito a nivel internacional\u201d. Se\u00f1alo Basso mientras nos ense\u00f1aba su libro mediante Dj books.<\/p>\n<p>\u201cEstudie en Barcelona y se me hizo mucho m\u00e1s f\u00e1cil exponer afuera que en Chile. Aqu\u00ed env\u00edo e-mails y la respuesta es m\u00e1s tard\u00eda, cuesta mucho m\u00e1s hacer el trabajo. Es m\u00e1s instant\u00e1nea la respuesta a nivel extranjero\u201d nos relat\u00f3 Urenda frente a la comparaci\u00f3n de fotograf\u00eda en Chile y extranjero.<\/p>\n<figure id=\"attachment_4782\" aria-describedby=\"caption-attachment-4782\" style=\"width: 1500px\" class=\"wp-caption alignnone\"><img loading=\"lazy\" decoding=\"async\" class=\"size-full wp-image-4782\" src=\"http:\/\/fifv.cl\/2016\/wp-content\/uploads\/2016\/11\/MG_6957.jpg\" alt=\"Di\u00e1logos con fot\u00f3grafos y gestores culturales de regiones, FIFV 2016. \u00a9Daniel Villagran\" width=\"1500\" height=\"1000\" srcset=\"https:\/\/fifv.cl\/2016\/wp-content\/uploads\/2016\/11\/MG_6957.jpg 1500w, https:\/\/fifv.cl\/2016\/wp-content\/uploads\/2016\/11\/MG_6957-300x200.jpg 300w, https:\/\/fifv.cl\/2016\/wp-content\/uploads\/2016\/11\/MG_6957-768x512.jpg 768w, https:\/\/fifv.cl\/2016\/wp-content\/uploads\/2016\/11\/MG_6957-1024x683.jpg 1024w, https:\/\/fifv.cl\/2016\/wp-content\/uploads\/2016\/11\/MG_6957-750x500.jpg 750w\" sizes=\"auto, (max-width: 1500px) 100vw, 1500px\" \/><figcaption id=\"caption-attachment-4782\" class=\"wp-caption-text\">Di\u00e1logos con fot\u00f3grafos y gestores culturales de regiones, FIFV 2016. \u00a9Daniel Villagran<\/figcaption><\/figure>\n<figure id=\"attachment_4784\" aria-describedby=\"caption-attachment-4784\" style=\"width: 1500px\" class=\"wp-caption alignnone\"><img loading=\"lazy\" decoding=\"async\" class=\"size-full wp-image-4784\" src=\"http:\/\/fifv.cl\/2016\/wp-content\/uploads\/2016\/11\/MG_6966.jpg\" alt=\"Di\u00e1logos con fot\u00f3grafos y gestores culturales de regiones, FIFV 2016. \u00a9Daniel Villagran\" width=\"1500\" height=\"1000\" srcset=\"https:\/\/fifv.cl\/2016\/wp-content\/uploads\/2016\/11\/MG_6966.jpg 1500w, https:\/\/fifv.cl\/2016\/wp-content\/uploads\/2016\/11\/MG_6966-300x200.jpg 300w, https:\/\/fifv.cl\/2016\/wp-content\/uploads\/2016\/11\/MG_6966-768x512.jpg 768w, https:\/\/fifv.cl\/2016\/wp-content\/uploads\/2016\/11\/MG_6966-1024x683.jpg 1024w, https:\/\/fifv.cl\/2016\/wp-content\/uploads\/2016\/11\/MG_6966-750x500.jpg 750w\" sizes=\"auto, (max-width: 1500px) 100vw, 1500px\" \/><figcaption id=\"caption-attachment-4784\" class=\"wp-caption-text\">Di\u00e1logos con fot\u00f3grafos y gestores culturales de regiones, FIFV 2016. \u00a9Daniel Villagran<\/figcaption><\/figure>\n<figure id=\"attachment_4793\" aria-describedby=\"caption-attachment-4793\" style=\"width: 1500px\" class=\"wp-caption alignnone\"><img loading=\"lazy\" decoding=\"async\" class=\"size-full wp-image-4793\" src=\"http:\/\/fifv.cl\/2016\/wp-content\/uploads\/2016\/11\/MG_7035.jpg\" alt=\"Di\u00e1logo con Circuito Espacios Dom\u00e9sticos , FIFV 2016. \u00a9Daniel Villagran\" width=\"1500\" height=\"1000\" srcset=\"https:\/\/fifv.cl\/2016\/wp-content\/uploads\/2016\/11\/MG_7035.jpg 1500w, https:\/\/fifv.cl\/2016\/wp-content\/uploads\/2016\/11\/MG_7035-300x200.jpg 300w, https:\/\/fifv.cl\/2016\/wp-content\/uploads\/2016\/11\/MG_7035-768x512.jpg 768w, https:\/\/fifv.cl\/2016\/wp-content\/uploads\/2016\/11\/MG_7035-1024x683.jpg 1024w, https:\/\/fifv.cl\/2016\/wp-content\/uploads\/2016\/11\/MG_7035-750x500.jpg 750w\" sizes=\"auto, (max-width: 1500px) 100vw, 1500px\" \/><figcaption id=\"caption-attachment-4793\" class=\"wp-caption-text\">Di\u00e1logo con Circuito Espacios Dom\u00e9sticos , FIFV 2016. \u00a9Daniel Villagran<\/figcaption><\/figure>\n<figure id=\"attachment_4794\" aria-describedby=\"caption-attachment-4794\" style=\"width: 1500px\" class=\"wp-caption alignnone\"><img loading=\"lazy\" decoding=\"async\" class=\"size-full wp-image-4794\" src=\"http:\/\/fifv.cl\/2016\/wp-content\/uploads\/2016\/11\/MG_7012.jpg\" alt=\"Di\u00e1logo con Circuito Espacios Dom\u00e9sticos , FIFV 2016. \u00a9Daniel Villagran\" width=\"1500\" height=\"1000\" srcset=\"https:\/\/fifv.cl\/2016\/wp-content\/uploads\/2016\/11\/MG_7012.jpg 1500w, https:\/\/fifv.cl\/2016\/wp-content\/uploads\/2016\/11\/MG_7012-300x200.jpg 300w, https:\/\/fifv.cl\/2016\/wp-content\/uploads\/2016\/11\/MG_7012-768x512.jpg 768w, https:\/\/fifv.cl\/2016\/wp-content\/uploads\/2016\/11\/MG_7012-1024x683.jpg 1024w, https:\/\/fifv.cl\/2016\/wp-content\/uploads\/2016\/11\/MG_7012-750x500.jpg 750w\" sizes=\"auto, (max-width: 1500px) 100vw, 1500px\" \/><figcaption id=\"caption-attachment-4794\" class=\"wp-caption-text\">Di\u00e1logo con Circuito Espacios Dom\u00e9sticos , FIFV 2016. \u00a9Daniel Villagran<\/figcaption><\/figure>\n<figure id=\"attachment_4801\" aria-describedby=\"caption-attachment-4801\" style=\"width: 1500px\" class=\"wp-caption alignnone\"><img loading=\"lazy\" decoding=\"async\" class=\"size-full wp-image-4801\" src=\"http:\/\/fifv.cl\/2016\/wp-content\/uploads\/2016\/11\/MG_7047.jpg\" alt=\"DJ Book de Romina Resuche , FIFV 2016. \u00a9Daniel Villagran\" width=\"1500\" height=\"1000\" srcset=\"https:\/\/fifv.cl\/2016\/wp-content\/uploads\/2016\/11\/MG_7047.jpg 1500w, https:\/\/fifv.cl\/2016\/wp-content\/uploads\/2016\/11\/MG_7047-300x200.jpg 300w, https:\/\/fifv.cl\/2016\/wp-content\/uploads\/2016\/11\/MG_7047-768x512.jpg 768w, https:\/\/fifv.cl\/2016\/wp-content\/uploads\/2016\/11\/MG_7047-1024x683.jpg 1024w, https:\/\/fifv.cl\/2016\/wp-content\/uploads\/2016\/11\/MG_7047-750x500.jpg 750w\" sizes=\"auto, (max-width: 1500px) 100vw, 1500px\" \/><figcaption id=\"caption-attachment-4801\" class=\"wp-caption-text\">DJ Book de Romina Resuche , FIFV 2016. \u00a9Daniel Villagran<\/figcaption><\/figure>\n<figure id=\"attachment_4802\" aria-describedby=\"caption-attachment-4802\" style=\"width: 1500px\" class=\"wp-caption alignnone\"><img loading=\"lazy\" decoding=\"async\" class=\"size-full wp-image-4802\" src=\"http:\/\/fifv.cl\/2016\/wp-content\/uploads\/2016\/11\/MG_7063.jpg\" alt=\"DJ Book de Romina Resuche , FIFV 2016. \u00a9Daniel Villagran\" width=\"1500\" height=\"1000\" srcset=\"https:\/\/fifv.cl\/2016\/wp-content\/uploads\/2016\/11\/MG_7063.jpg 1500w, https:\/\/fifv.cl\/2016\/wp-content\/uploads\/2016\/11\/MG_7063-300x200.jpg 300w, https:\/\/fifv.cl\/2016\/wp-content\/uploads\/2016\/11\/MG_7063-768x512.jpg 768w, https:\/\/fifv.cl\/2016\/wp-content\/uploads\/2016\/11\/MG_7063-1024x683.jpg 1024w, https:\/\/fifv.cl\/2016\/wp-content\/uploads\/2016\/11\/MG_7063-750x500.jpg 750w\" sizes=\"auto, (max-width: 1500px) 100vw, 1500px\" \/><figcaption id=\"caption-attachment-4802\" class=\"wp-caption-text\">DJ Book de Romina Resuche , FIFV 2016. \u00a9Daniel Villagran<\/figcaption><\/figure>\n","protected":false},"excerpt":{"rendered":"<p>Este mi\u00e9rcoles se realiz\u00f3 una nueva jornada de di\u00e1logos en El Internado en el cual se presentaron Christian Jamett del Festival Internacional de Fotograf\u00eda de Arica, Alex Hern\u00e1ndez del Encuentro [&hellip;]<\/p>\n","protected":false},"author":2,"featured_media":4782,"comment_status":"closed","ping_status":"open","sticky":false,"template":"","format":"standard","meta":{"footnotes":""},"categories":[10],"tags":[],"class_list":["post-4781","post","type-post","status-publish","format-standard","has-post-thumbnail","hentry","category-noticias"],"_links":{"self":[{"href":"https:\/\/fifv.cl\/2016\/wp-json\/wp\/v2\/posts\/4781","targetHints":{"allow":["GET"]}}],"collection":[{"href":"https:\/\/fifv.cl\/2016\/wp-json\/wp\/v2\/posts"}],"about":[{"href":"https:\/\/fifv.cl\/2016\/wp-json\/wp\/v2\/types\/post"}],"author":[{"embeddable":true,"href":"https:\/\/fifv.cl\/2016\/wp-json\/wp\/v2\/users\/2"}],"replies":[{"embeddable":true,"href":"https:\/\/fifv.cl\/2016\/wp-json\/wp\/v2\/comments?post=4781"}],"version-history":[{"count":4,"href":"https:\/\/fifv.cl\/2016\/wp-json\/wp\/v2\/posts\/4781\/revisions"}],"predecessor-version":[{"id":5254,"href":"https:\/\/fifv.cl\/2016\/wp-json\/wp\/v2\/posts\/4781\/revisions\/5254"}],"wp:featuredmedia":[{"embeddable":true,"href":"https:\/\/fifv.cl\/2016\/wp-json\/wp\/v2\/media\/4782"}],"wp:attachment":[{"href":"https:\/\/fifv.cl\/2016\/wp-json\/wp\/v2\/media?parent=4781"}],"wp:term":[{"taxonomy":"category","embeddable":true,"href":"https:\/\/fifv.cl\/2016\/wp-json\/wp\/v2\/categories?post=4781"},{"taxonomy":"post_tag","embeddable":true,"href":"https:\/\/fifv.cl\/2016\/wp-json\/wp\/v2\/tags?post=4781"}],"curies":[{"name":"wp","href":"https:\/\/api.w.org\/{rel}","templated":true}]}}