{"id":479,"date":"2015-10-23T00:42:13","date_gmt":"2015-10-23T03:42:13","guid":{"rendered":"http:\/\/www.fifv.cl\/2015-final\/?p=479"},"modified":"2016-10-12T13:29:22","modified_gmt":"2016-10-12T16:29:22","slug":"workshop-dario-coletti","status":"publish","type":"post","link":"https:\/\/fifv.cl\/2016\/workshop-dario-coletti\/","title":{"rendered":"Workshop &#8211; Dario Coletti"},"content":{"rendered":"<p>La frontera se entiende aqu\u00ed como una entidad formada por dos espacios separados\u00a0por un tercer espacio de demarcaci\u00f3n establecido por una l\u00ednea y, a un lado y al\u00a0otro de \u00e9sta existen condiciones espec\u00edficas. El \u00e1rea es Valpara\u00edso, un espacio a\u00a0descifrar dentro, sobre y fuera la l\u00ednea fronteriza a trav\u00e9s de la acci\u00f3n de caminar\u00a0y reunir im\u00e1genes. El workshop ser\u00e1 un viaje al interior del espacio urbano, y\u00a0la b\u00fasqueda de la identidad interior de la ciudad porte\u00f1a. Nuestro objetivo es,\u00a0precisamente, aquel de identificar los elementos caracter\u00edsticos, evidentes y\u00a0sumergidos, y reconstruir un mapa de superficie y profundidad que al final del\u00a0camino se manifestar\u00e1 en un objeto tangible al interior del cual las \u201crutas\u201d de los\u00a0participantes estar\u00e1n representadas con im\u00e1genes, s\u00edmbolos y signos gr\u00e1ficos,\u00a0para formar parte de la construcci\u00f3n de una obra \u00fanica. El valor de la diversidad\u00a0de puntos de vista es la piedra angular del workshop; cada elecci\u00f3n es plausible y\u00a0la totalidad de los caminos ser\u00e1 la riqueza de nuestro trabajo colectivo.<\/p>\n<p>El workshop es un proyecto de colaboraci\u00f3n entre el Instituto Italiano di Cultura &#8211; Santiago y el FIFV.\u00a0Este workshop ser\u00e1 dirigido por el destacado fot\u00f3grafo Italiano Dario Coletti. El workshop se realizar\u00e1 en\u00a0el Parque Cultural de Valpara\u00edso, ubicado en Calle C\u00e1rcel 471, Cerro C\u00e1rcel, Valpara\u00edso, entre el 30 de oct\u00a0y el 5 de noviembre. El desarrollo del workshop involucra: producci\u00f3n de obra, edici\u00f3n, impresiones de la\u00a0exposici\u00f3n, montaje e inauguraci\u00f3n de una muestra colectiva en la Plaza Victoria de Valpara\u00edso.<\/p>\n<p><strong>Seleccionados:<\/strong><br \/>\nMaria Eugenia Cerutti<br \/>\nFelipe Malhue<br \/>\nAndrea Manuschevich<br \/>\nDaniela Melian<br \/>\nEmiliana Miguelez<br \/>\nVictor Perez<br \/>\nCarlos Rodriguez Alvarez<br \/>\nJulia Sbriller<\/p>\n","protected":false},"excerpt":{"rendered":"<p>La frontera se entiende aqu\u00ed como una entidad formada por dos espacios separados\u00a0por un tercer espacio de demarcaci\u00f3n establecido por una l\u00ednea y, a un lado y al\u00a0otro de \u00e9sta [&hellip;]<\/p>\n","protected":false},"author":2,"featured_media":2552,"comment_status":"closed","ping_status":"open","sticky":false,"template":"","format":"standard","meta":{"footnotes":""},"categories":[15],"tags":[],"class_list":["post-479","post","type-post","status-publish","format-standard","has-post-thumbnail","hentry","category-workshops"],"_links":{"self":[{"href":"https:\/\/fifv.cl\/2016\/wp-json\/wp\/v2\/posts\/479","targetHints":{"allow":["GET"]}}],"collection":[{"href":"https:\/\/fifv.cl\/2016\/wp-json\/wp\/v2\/posts"}],"about":[{"href":"https:\/\/fifv.cl\/2016\/wp-json\/wp\/v2\/types\/post"}],"author":[{"embeddable":true,"href":"https:\/\/fifv.cl\/2016\/wp-json\/wp\/v2\/users\/2"}],"replies":[{"embeddable":true,"href":"https:\/\/fifv.cl\/2016\/wp-json\/wp\/v2\/comments?post=479"}],"version-history":[{"count":8,"href":"https:\/\/fifv.cl\/2016\/wp-json\/wp\/v2\/posts\/479\/revisions"}],"predecessor-version":[{"id":2551,"href":"https:\/\/fifv.cl\/2016\/wp-json\/wp\/v2\/posts\/479\/revisions\/2551"}],"wp:featuredmedia":[{"embeddable":true,"href":"https:\/\/fifv.cl\/2016\/wp-json\/wp\/v2\/media\/2552"}],"wp:attachment":[{"href":"https:\/\/fifv.cl\/2016\/wp-json\/wp\/v2\/media?parent=479"}],"wp:term":[{"taxonomy":"category","embeddable":true,"href":"https:\/\/fifv.cl\/2016\/wp-json\/wp\/v2\/categories?post=479"},{"taxonomy":"post_tag","embeddable":true,"href":"https:\/\/fifv.cl\/2016\/wp-json\/wp\/v2\/tags?post=479"}],"curies":[{"name":"wp","href":"https:\/\/api.w.org\/{rel}","templated":true}]}}