{"id":4817,"date":"2016-11-04T09:37:38","date_gmt":"2016-11-04T12:37:38","guid":{"rendered":"http:\/\/fifv.cl\/2016\/?p=4817"},"modified":"2016-11-16T23:30:36","modified_gmt":"2016-11-17T02:30:36","slug":"charlas-lanzamientos-y-dj-books-fueron-parte-de-la-jornada-de-hoy-jueves","status":"publish","type":"post","link":"https:\/\/fifv.cl\/2016\/charlas-lanzamientos-y-dj-books-fueron-parte-de-la-jornada-de-hoy-jueves\/","title":{"rendered":"Charlas, lanzamientos y Dj Books fueron parte de la jornada de hoy jueves"},"content":{"rendered":"<p>Este jueves en El Internado se realiz\u00f3 una charla v\u00eda Skype con\u00a0 el fot\u00f3grafo colombiano Santiago Escobar-Jaramillo. El arquitecto dela Universidad Nacional de Colombia actualmente se encuentra con proyectos en Africa, Asia, Sur Am\u00e9rica, Europa, y Estados Unidos.<br \/>\n\u201cMe gusta mucho la arquitectura estoy capacitado para realizar casas, pero me di cuenta que lo m\u00edo es la fotograf\u00eda porque te permite estar ah\u00ed para hacerla, vivir la situaci\u00f3n. La arquitectura me encanta, pero sent\u00eda que el concreto se demora mucho m\u00e1s que una foto que la tengo ah\u00ed mismo en el momento.<br \/>\n<a href=\"http:\/\/fifv.cl\/2016\/charlas-lanzamie\u2026da-de-hoy-jueves\/\"><!--more--><\/a><\/p>\n<p>Santiago present\u00f3 su proyecto\u00a0Elefante Blanco, que cuestiona la sequ\u00eda y la corrupci\u00f3n, interviniendo\u00a0aquellas construcciones del Estado que se abandonan a media marcha porque se perdieron los recursos.<\/p>\n<p>En su sesi\u00f3n de DJ Book se present\u00f3 el autor franc\u00e9s Eric Facon, quien \u00a0revis\u00f3 sus inicios como joven fot\u00f3grafo, cuando el aprendizaje a trav\u00e9s de los libros de fotograf\u00edas fue fundamental.<\/p>\n<p>\u201cEn Francia los fot\u00f3grafos hoy en d\u00eda sue\u00f1an con ser invitados al FIFV. Todos quieren venir a Valpara\u00edso, en Francia tiene mucha dimensi\u00f3n por su calidad y contenido que se pasa a trav\u00e9s de las redes sociales. Me siento muy agradecido por participar en sus actividades\u201d se\u00f1al\u00f3 el fot\u00f3grafo franc\u00e9s.<\/p>\n<p>Los libros para Facon fueron profesores para \u00e9l. Se considera un autodidacto al no pertenecer a ninguna escuela. Empez\u00f3 aprendiendo y mirando a los dem\u00e1s.<\/p>\n<p>Para terminar se realiz\u00f3 el lanzamiento de libros, presentaciones de publicaciones 2016 de FIFV Edicones. Ellas son <strong>\u201cS\u00e8te 16\u201d de Paula Lopez \u2013 Cristobal Olivares \u2013 Tom\u00e1s Quiroga \u2013 Nicol\u00e1s Wormull<\/strong><\/p>\n<p>Libro realizado por cuatro fot\u00f3grafos chilenos durante una residencia en festival franc\u00e9s Images Singulieres. Estos autores nacionales fotografiaron la peque\u00f1a villa de S\u00e8te, cada uno con su propia mirada,\u00a0guiados\u00a0por la fuerte identidad de esta ciudad portuaria, que resuena con la de Valpara\u00edso. \u201cDurante el inicio fue m\u00e1s complicado pensar que \u00edbamos hacer, despu\u00e9s cada uno escogi\u00f3 su lenguaje propio y se decidi\u00f3 hacer el libro donde firmamos las im\u00e1genes cada uno\u201d se\u00f1alo Tom\u00e1s Quiroga. \u201cCada uno hizo su aporte en el libro para que fuera un colectivo, yo decid\u00ed hacer un viaje con todo el tema de la inmigraci\u00f3n y quise inspirarme en eso\u201d nos cont\u00f3 Crist\u00f3bal Olivares.<\/p>\n<p><strong>\u201cValpara\u00edso\u201d de Alberto Garc\u00eda Alix<\/strong><strong>.<\/strong> El libro cuenta con 64 im\u00e1genes en blanco y negro donde el autor espa\u00f1ol absorbe la ciudad de Valpara\u00edso. Fotograf\u00edas in\u00e9ditas\u00a0tomadas el a\u00f1o pasado por el artista espa\u00f1ol cuando realizo una residencia en nuestro festival, caminando por las calles del puerto junto a perros y captando el realismo de los cerros poblados y el mar.<\/p>\n<p><strong>\u00ab<\/strong><strong>Valpara\u00edso\u201d de Claudine Doury \u2013 Juan Manuel Castro Prieto \u2013 Gilles Favier \u2013 Paolo Verzone\u00a0<\/strong>Publicaci\u00f3n del a\u00f1o 2016. Las im\u00e1genes que componen \u00a0esta publicaci\u00f3n arrojan una ciudad nueva, ciudadan\u00eda diferente una bisuter\u00eda combinada, sin duda no se trata de Valpara\u00edso, sino de cartas arrojadas al azar sobre una ciudad que permanece oculta bajo las im\u00e1genes. Para cada lector, el libro ser\u00e1 diferente y propio.<\/p>\n<p><img loading=\"lazy\" decoding=\"async\" class=\"size-full wp-image-4818\" src=\"http:\/\/fifv.cl\/2016\/wp-content\/uploads\/2016\/11\/MG_7109.jpg\" alt=\"Encuentro v\u00eda skype con el fot\u00f3grafo Santiago Escobar-Jaramillo (Colombia), FIFV 2016. \u00a9Daniel Villagran\" width=\"2500\" height=\"1667\" srcset=\"https:\/\/fifv.cl\/2016\/wp-content\/uploads\/2016\/11\/MG_7109.jpg 2500w, https:\/\/fifv.cl\/2016\/wp-content\/uploads\/2016\/11\/MG_7109-300x200.jpg 300w, https:\/\/fifv.cl\/2016\/wp-content\/uploads\/2016\/11\/MG_7109-768x512.jpg 768w, https:\/\/fifv.cl\/2016\/wp-content\/uploads\/2016\/11\/MG_7109-1024x683.jpg 1024w, https:\/\/fifv.cl\/2016\/wp-content\/uploads\/2016\/11\/MG_7109-750x500.jpg 750w\" sizes=\"auto, (max-width: 2500px) 100vw, 2500px\" \/><\/p>\n<p>Encuentro v\u00eda skype con el fot\u00f3grafo Santiago Escobar-Jaramillo (Colombia), FIFV 2016. \u00a9Daniel Villagran<\/p>\n<figure id=\"attachment_4819\" aria-describedby=\"caption-attachment-4819\" style=\"width: 2500px\" class=\"wp-caption alignnone\"><img loading=\"lazy\" decoding=\"async\" class=\"size-full wp-image-4819\" src=\"http:\/\/fifv.cl\/2016\/wp-content\/uploads\/2016\/11\/MG_7121.jpg\" alt=\"Encuentro v\u00eda skype con el fot\u00f3grafo Santiago Escobar-Jaramillo (Colombia), FIFV 2016. \u00a9Daniel Villagran\" width=\"2500\" height=\"1667\" srcset=\"https:\/\/fifv.cl\/2016\/wp-content\/uploads\/2016\/11\/MG_7121.jpg 2500w, https:\/\/fifv.cl\/2016\/wp-content\/uploads\/2016\/11\/MG_7121-300x200.jpg 300w, https:\/\/fifv.cl\/2016\/wp-content\/uploads\/2016\/11\/MG_7121-768x512.jpg 768w, https:\/\/fifv.cl\/2016\/wp-content\/uploads\/2016\/11\/MG_7121-1024x683.jpg 1024w, https:\/\/fifv.cl\/2016\/wp-content\/uploads\/2016\/11\/MG_7121-750x500.jpg 750w\" sizes=\"auto, (max-width: 2500px) 100vw, 2500px\" \/><figcaption id=\"caption-attachment-4819\" class=\"wp-caption-text\">Encuentro v\u00eda skype con el fot\u00f3grafo Santiago Escobar-Jaramillo (Colombia), FIFV 2016. \u00a9Daniel Villagran<\/figcaption><\/figure>\n<figure id=\"attachment_4954\" aria-describedby=\"caption-attachment-4954\" style=\"width: 2500px\" class=\"wp-caption alignnone\"><img loading=\"lazy\" decoding=\"async\" class=\"size-full wp-image-4954\" src=\"http:\/\/fifv.cl\/2016\/wp-content\/uploads\/2016\/11\/MG_7146.jpg\" alt=\"DJ Book de Eric Facon , FIFV 2016. \u00a9Daniel Villagran\" width=\"2500\" height=\"1667\" srcset=\"https:\/\/fifv.cl\/2016\/wp-content\/uploads\/2016\/11\/MG_7146.jpg 2500w, https:\/\/fifv.cl\/2016\/wp-content\/uploads\/2016\/11\/MG_7146-300x200.jpg 300w, https:\/\/fifv.cl\/2016\/wp-content\/uploads\/2016\/11\/MG_7146-768x512.jpg 768w, https:\/\/fifv.cl\/2016\/wp-content\/uploads\/2016\/11\/MG_7146-1024x683.jpg 1024w, https:\/\/fifv.cl\/2016\/wp-content\/uploads\/2016\/11\/MG_7146-750x500.jpg 750w\" sizes=\"auto, (max-width: 2500px) 100vw, 2500px\" \/><figcaption id=\"caption-attachment-4954\" class=\"wp-caption-text\">DJ Book de Eric Facon , FIFV 2016. \u00a9Daniel Villagran<\/figcaption><\/figure>\n<p><img loading=\"lazy\" decoding=\"async\" class=\"alignnone size-full wp-image-4995\" src=\"http:\/\/fifv.cl\/2016\/wp-content\/uploads\/2016\/11\/MG_7191.jpg\" alt=\"_mg_7191\" width=\"2500\" height=\"1667\" srcset=\"https:\/\/fifv.cl\/2016\/wp-content\/uploads\/2016\/11\/MG_7191.jpg 2500w, https:\/\/fifv.cl\/2016\/wp-content\/uploads\/2016\/11\/MG_7191-300x200.jpg 300w, https:\/\/fifv.cl\/2016\/wp-content\/uploads\/2016\/11\/MG_7191-768x512.jpg 768w, https:\/\/fifv.cl\/2016\/wp-content\/uploads\/2016\/11\/MG_7191-1024x683.jpg 1024w, https:\/\/fifv.cl\/2016\/wp-content\/uploads\/2016\/11\/MG_7191-750x500.jpg 750w\" sizes=\"auto, (max-width: 2500px) 100vw, 2500px\" \/><\/p>\n<figure id=\"attachment_4996\" aria-describedby=\"caption-attachment-4996\" style=\"width: 2500px\" class=\"wp-caption alignnone\"><img loading=\"lazy\" decoding=\"async\" class=\"size-full wp-image-4996\" src=\"http:\/\/fifv.cl\/2016\/wp-content\/uploads\/2016\/11\/MG_7172.jpg\" alt=\"Presentaci\u00f3n de las publicaciones 2016 de FIFV Ediciones, FIFV 2016. \u00a9Daniel Villagran\" width=\"2500\" height=\"1667\" srcset=\"https:\/\/fifv.cl\/2016\/wp-content\/uploads\/2016\/11\/MG_7172.jpg 2500w, https:\/\/fifv.cl\/2016\/wp-content\/uploads\/2016\/11\/MG_7172-300x200.jpg 300w, https:\/\/fifv.cl\/2016\/wp-content\/uploads\/2016\/11\/MG_7172-768x512.jpg 768w, https:\/\/fifv.cl\/2016\/wp-content\/uploads\/2016\/11\/MG_7172-1024x683.jpg 1024w, https:\/\/fifv.cl\/2016\/wp-content\/uploads\/2016\/11\/MG_7172-750x500.jpg 750w\" sizes=\"auto, (max-width: 2500px) 100vw, 2500px\" \/><figcaption id=\"caption-attachment-4996\" class=\"wp-caption-text\">Presentaci\u00f3n de las publicaciones 2016 de FIFV Ediciones, FIFV 2016. \u00a9Daniel Villagran<\/figcaption><\/figure>\n","protected":false},"excerpt":{"rendered":"<p>Este jueves en El Internado se realiz\u00f3 una charla v\u00eda Skype con\u00a0 el fot\u00f3grafo colombiano Santiago Escobar-Jaramillo. El arquitecto dela Universidad Nacional de Colombia actualmente se encuentra con proyectos en [&hellip;]<\/p>\n","protected":false},"author":2,"featured_media":4996,"comment_status":"closed","ping_status":"open","sticky":false,"template":"","format":"standard","meta":{"footnotes":""},"categories":[10],"tags":[],"class_list":["post-4817","post","type-post","status-publish","format-standard","has-post-thumbnail","hentry","category-noticias"],"_links":{"self":[{"href":"https:\/\/fifv.cl\/2016\/wp-json\/wp\/v2\/posts\/4817","targetHints":{"allow":["GET"]}}],"collection":[{"href":"https:\/\/fifv.cl\/2016\/wp-json\/wp\/v2\/posts"}],"about":[{"href":"https:\/\/fifv.cl\/2016\/wp-json\/wp\/v2\/types\/post"}],"author":[{"embeddable":true,"href":"https:\/\/fifv.cl\/2016\/wp-json\/wp\/v2\/users\/2"}],"replies":[{"embeddable":true,"href":"https:\/\/fifv.cl\/2016\/wp-json\/wp\/v2\/comments?post=4817"}],"version-history":[{"count":3,"href":"https:\/\/fifv.cl\/2016\/wp-json\/wp\/v2\/posts\/4817\/revisions"}],"predecessor-version":[{"id":5253,"href":"https:\/\/fifv.cl\/2016\/wp-json\/wp\/v2\/posts\/4817\/revisions\/5253"}],"wp:featuredmedia":[{"embeddable":true,"href":"https:\/\/fifv.cl\/2016\/wp-json\/wp\/v2\/media\/4996"}],"wp:attachment":[{"href":"https:\/\/fifv.cl\/2016\/wp-json\/wp\/v2\/media?parent=4817"}],"wp:term":[{"taxonomy":"category","embeddable":true,"href":"https:\/\/fifv.cl\/2016\/wp-json\/wp\/v2\/categories?post=4817"},{"taxonomy":"post_tag","embeddable":true,"href":"https:\/\/fifv.cl\/2016\/wp-json\/wp\/v2\/tags?post=4817"}],"curies":[{"name":"wp","href":"https:\/\/api.w.org\/{rel}","templated":true}]}}