{"id":485,"date":"2015-10-23T00:45:09","date_gmt":"2015-10-23T03:45:09","guid":{"rendered":"http:\/\/www.fifv.cl\/2015-final\/?p=485"},"modified":"2016-10-12T13:21:14","modified_gmt":"2016-10-12T16:21:14","slug":"workshop-ana-casas","status":"publish","type":"post","link":"https:\/\/fifv.cl\/2016\/workshop-ana-casas\/","title":{"rendered":"Workshop-Ana Casas Broda"},"content":{"rendered":"<p>La foto como la palabra, se lanza al tiempo. La foto es un proyectil, rebasa el escenario de cada vidente. Sigue en el tiempo, es m\u00f3vil y se activa en cada espectador. La emoci\u00f3n es un espacio de \u201csalir fuera de s\u00ed\u201d, una fuga de s\u00ed misma. El yo no es un espacio, es un aparato que produce constantemente nuevos contenidos. La emoci\u00f3n no es del orden del yo, si no del acontecimiento. La emoci\u00f3n nos incomoda, nos hace salir fuera de nuestra zona de confort. El acontecimiento es eso que irrumpe y no puede ser predicho de improviso, impredecible, desconocido. Y solo se convierte en experiencia al ser compartido. La fotograf\u00eda est\u00e1 \u00edntimamente ligada a las vivencias, las emociones, a nuestra identidad, a la memoria y a la forma de vincularnos con el mundo. Las im\u00e1genes nos conmueven, nos sorprenden, nos asustan, nos recuerdan.<\/p>\n<p>El\u00a0taller \u00abLa fotograf\u00eda como acontecimiento\u00bb plantea un trabajo individual y grupal a partir de la fotograf\u00eda como detonador de procesos personales profundamente ligados a la identidad desde diferentes perspectivas. Desde la misma selecci\u00f3n de los participantes, se iniciar\u00e1 un di\u00e1logo entre Ana Casas y los alumnos, con la finalidad de generar un intercambio previo personalizado que permita adecuar el programa a las necesidades de los participantes y derive en la producci\u00f3n durante el taller en Valpara\u00edso, entendido como un trabajo interno, personal, intuitivo, que a la vez se completa en el proceso colaborativo y en la reflexi\u00f3n y el di\u00e1logo con los otros.<\/p>\n<p>El workshop se realizar\u00e1 en el Parque Cultural de Valpara\u00edso, ubicado en Calle C\u00e1rcel 471, Cerro C\u00e1rcel, Valpara\u00edso, entre el 30 de oct y el 5 de noviembre.<\/p>\n<p>El desarrollo del workshop involucra: \u00a0producci\u00f3n de obra, edici\u00f3n, impresiones de la exposici\u00f3n, montaje e inauguraci\u00f3n \u00a0de una muestra colectiva en la Plaza Victoria de Valpara\u00edso.<\/p>\n<p><strong>Seleccionados:<\/strong><br \/>\nCatalina Alca\u00edno<br \/>\nAnna Da Sacco<br \/>\nJavier Pino<br \/>\nAnna Pistacchio<br \/>\nMontserrat Salazar Vargas<br \/>\nPaula Teller<br \/>\nDaniela Unger<br \/>\nFelipe Malhue<\/p>\n","protected":false},"excerpt":{"rendered":"<p>La foto como la palabra, se lanza al tiempo. La foto es un proyectil, rebasa el escenario de cada vidente. Sigue en el tiempo, es m\u00f3vil y se activa en [&hellip;]<\/p>\n","protected":false},"author":2,"featured_media":2546,"comment_status":"closed","ping_status":"open","sticky":false,"template":"","format":"standard","meta":{"footnotes":""},"categories":[15],"tags":[],"class_list":["post-485","post","type-post","status-publish","format-standard","has-post-thumbnail","hentry","category-workshops"],"_links":{"self":[{"href":"https:\/\/fifv.cl\/2016\/wp-json\/wp\/v2\/posts\/485","targetHints":{"allow":["GET"]}}],"collection":[{"href":"https:\/\/fifv.cl\/2016\/wp-json\/wp\/v2\/posts"}],"about":[{"href":"https:\/\/fifv.cl\/2016\/wp-json\/wp\/v2\/types\/post"}],"author":[{"embeddable":true,"href":"https:\/\/fifv.cl\/2016\/wp-json\/wp\/v2\/users\/2"}],"replies":[{"embeddable":true,"href":"https:\/\/fifv.cl\/2016\/wp-json\/wp\/v2\/comments?post=485"}],"version-history":[{"count":11,"href":"https:\/\/fifv.cl\/2016\/wp-json\/wp\/v2\/posts\/485\/revisions"}],"predecessor-version":[{"id":2547,"href":"https:\/\/fifv.cl\/2016\/wp-json\/wp\/v2\/posts\/485\/revisions\/2547"}],"wp:featuredmedia":[{"embeddable":true,"href":"https:\/\/fifv.cl\/2016\/wp-json\/wp\/v2\/media\/2546"}],"wp:attachment":[{"href":"https:\/\/fifv.cl\/2016\/wp-json\/wp\/v2\/media?parent=485"}],"wp:term":[{"taxonomy":"category","embeddable":true,"href":"https:\/\/fifv.cl\/2016\/wp-json\/wp\/v2\/categories?post=485"},{"taxonomy":"post_tag","embeddable":true,"href":"https:\/\/fifv.cl\/2016\/wp-json\/wp\/v2\/tags?post=485"}],"curies":[{"name":"wp","href":"https:\/\/api.w.org\/{rel}","templated":true}]}}