{"id":5022,"date":"2016-11-04T22:31:05","date_gmt":"2016-11-05T01:31:05","guid":{"rendered":"http:\/\/fifv.cl\/2016\/?p=5022"},"modified":"2016-11-16T23:27:34","modified_gmt":"2016-11-17T02:27:34","slug":"viernes-dialogos-y-dj-books-se-tomaron-el-internado","status":"publish","type":"post","link":"https:\/\/fifv.cl\/2016\/viernes-dialogos-y-dj-books-se-tomaron-el-internado\/","title":{"rendered":"Viernes Di\u00e1logos y Dj books se tomaron El Internado"},"content":{"rendered":"<p>FIFV continu\u00f3 este viernes en un di\u00e1logo v\u00eda skype con Silvia Omedes, directora general Festival DOCFIELD de Barcelona (Espa\u00f1a). En esta videollamada, Omedes nos cont\u00f3 sobre del Festival DOCFIELD en Barcelona, certamen de fotograf\u00eda documental y fotoperiodismo del cual es directora. \u00a0\u201cEl Festival DOCFIELD cada a\u00f1o intenta abrir y realizar una conexi\u00f3n con el p\u00fablico. La idea es que la gente vea la fotograf\u00eda desde la calle, intervenir en el paisaje urbano para esas personas que no se meten a museos ni galer\u00edas. Como meta tenemos que este festival aumente su audiencia y la idea llegar al mayor n\u00famero posible de personas\u201d nos relat\u00f3.<br \/>\n<a href=\"http:\/\/fifv.cl\/2016\/viernes-dialogos-y-dj-book\/\"><!--more--><\/a><\/p>\n<p>Silvia Omedes es una curadora independiente, editora de im\u00e1genes, y profesora de fotograf\u00eda documental. En la actualidad trabaja como curadora independiente para espacios privados y p\u00fablicos en Espa\u00f1a y como editora freelance de fotograf\u00eda en la editorial Blume Editorial.<\/p>\n<p>Los di\u00e1logos continuaron con Mane Adaro editora jefe del proyecto Atlas Imaginarios\u00a0 Visuales y Pepe Guzm\u00e1n. Mane Adaro es investigadora y curadora en el campo de la fotograf\u00eda, adem\u00e1s de ser la fundadora y directora de la revista ATLAS Imaginarios Visuales; medio dedicado a la cr\u00edtica, ensayos y an\u00e1lisis de la imagen y fotograf\u00eda. Adaro dialog\u00f3 con el fot\u00f3grafo nacional Pepe Guzm\u00e1n, de formaci\u00f3n autodidacta y que desde hace diecisiete a\u00f1os ha participado en diversas exhibiciones colectivas y en muestras individuales.<\/p>\n<p>Pepe Guzm\u00e1n nos mostr\u00f3 un trabajo que se encuentra a\u00fan en desarrollo sobre el psic\u00f3pata de Alto Hospicio y las muertes de las j\u00f3venes grabado a trav\u00e9s de su tel\u00e9fono celular. Tambi\u00e9n nos ense\u00f1\u00f3 trabajos sobre las marchas estudiantes.<\/p>\n<p>Julia Toro finaliz\u00f3 la jornada a trav\u00e9s de la sesi\u00f3n Dj Book. Nacida en Talca, a sus 83 a\u00f1os la fot\u00f3grafa nacional Julia Toro se mantiene completamente activa, incursionando durante la \u00faltima d\u00e9cada en la fotograf\u00eda digital. En esta sesi\u00f3n la artista nos present\u00f3 sus libros de fotograf\u00eda favoritos que tiene en su biblioteca personal.<\/p>\n<p>Julia nos cont\u00f3 que lo que quiere lograr es que la gente al ver sus fotografias se imagine una novela, una historia que viene con esa foto y se identifique. Tambi\u00e9n nos relat\u00f3 como lleg\u00f3 a la fotograf\u00eda \u201cCuando cumpl\u00ed 38 a\u00f1os conoc\u00ed a un fot\u00f3grafo, no sab\u00eda nada de fotos y luego de un tiempo tom\u00e9 la c\u00e1mara por primera vez, fue un flechazo y me enamor\u00e9 de la fotograf\u00eda. Mi primera exposici\u00f3n fue en mi casa y de ah\u00ed en adelante mi mundo son las fotos\u201d.<\/p>\n<p>&nbsp;<\/p>\n<figure id=\"attachment_5020\" aria-describedby=\"caption-attachment-5020\" style=\"width: 2000px\" class=\"wp-caption alignnone\"><img loading=\"lazy\" decoding=\"async\" class=\"size-full wp-image-5020\" src=\"http:\/\/fifv.cl\/2016\/wp-content\/uploads\/2016\/11\/DSC_1790.jpg\" alt=\"Di\u00e1logo con Silvia Omedes, directora del DOCFIELD de Barcelona en FIFV 2016. \u00a9Ignacio Lamas\" width=\"2000\" height=\"1335\" srcset=\"https:\/\/fifv.cl\/2016\/wp-content\/uploads\/2016\/11\/DSC_1790.jpg 2000w, https:\/\/fifv.cl\/2016\/wp-content\/uploads\/2016\/11\/DSC_1790-300x200.jpg 300w, https:\/\/fifv.cl\/2016\/wp-content\/uploads\/2016\/11\/DSC_1790-768x513.jpg 768w, https:\/\/fifv.cl\/2016\/wp-content\/uploads\/2016\/11\/DSC_1790-1024x684.jpg 1024w, https:\/\/fifv.cl\/2016\/wp-content\/uploads\/2016\/11\/DSC_1790-750x501.jpg 750w\" sizes=\"auto, (max-width: 2000px) 100vw, 2000px\" \/><figcaption id=\"caption-attachment-5020\" class=\"wp-caption-text\">Di\u00e1logo con Silvia Omedes, directora del DOCFIELD de Barcelona en FIFV 2016. \u00a9Ignacio Lamas<\/figcaption><\/figure>\n<figure id=\"attachment_5023\" aria-describedby=\"caption-attachment-5023\" style=\"width: 2000px\" class=\"wp-caption alignnone\"><img loading=\"lazy\" decoding=\"async\" class=\"size-full wp-image-5023\" src=\"http:\/\/fifv.cl\/2016\/wp-content\/uploads\/2016\/11\/DSC_1819.jpg\" alt=\"Di\u00e1logo con Pepe Guzm\u00e1n en FIFV 2016. \u00a9Ignacio Lamas\" width=\"2000\" height=\"1335\" srcset=\"https:\/\/fifv.cl\/2016\/wp-content\/uploads\/2016\/11\/DSC_1819.jpg 2000w, https:\/\/fifv.cl\/2016\/wp-content\/uploads\/2016\/11\/DSC_1819-300x200.jpg 300w, https:\/\/fifv.cl\/2016\/wp-content\/uploads\/2016\/11\/DSC_1819-768x513.jpg 768w, https:\/\/fifv.cl\/2016\/wp-content\/uploads\/2016\/11\/DSC_1819-1024x684.jpg 1024w, https:\/\/fifv.cl\/2016\/wp-content\/uploads\/2016\/11\/DSC_1819-750x501.jpg 750w\" sizes=\"auto, (max-width: 2000px) 100vw, 2000px\" \/><figcaption id=\"caption-attachment-5023\" class=\"wp-caption-text\">Di\u00e1logo con Pepe Guzm\u00e1n en FIFV 2016. \u00a9Ignacio Lamas<\/figcaption><\/figure>\n<p>&nbsp;<\/p>\n<p><img loading=\"lazy\" decoding=\"async\" class=\"alignnone size-full wp-image-5037\" src=\"http:\/\/fifv.cl\/2016\/wp-content\/uploads\/2016\/11\/DSC_1857.jpg\" alt=\"dsc_1857\" width=\"1945\" height=\"1299\" srcset=\"https:\/\/fifv.cl\/2016\/wp-content\/uploads\/2016\/11\/DSC_1857.jpg 1945w, https:\/\/fifv.cl\/2016\/wp-content\/uploads\/2016\/11\/DSC_1857-300x200.jpg 300w, https:\/\/fifv.cl\/2016\/wp-content\/uploads\/2016\/11\/DSC_1857-768x513.jpg 768w, https:\/\/fifv.cl\/2016\/wp-content\/uploads\/2016\/11\/DSC_1857-1024x684.jpg 1024w, https:\/\/fifv.cl\/2016\/wp-content\/uploads\/2016\/11\/DSC_1857-750x501.jpg 750w\" sizes=\"auto, (max-width: 1945px) 100vw, 1945px\" \/><\/p>\n<p>&nbsp;<\/p>\n","protected":false},"excerpt":{"rendered":"<p>FIFV continu\u00f3 este viernes en un di\u00e1logo v\u00eda skype con Silvia Omedes, directora general Festival DOCFIELD de Barcelona (Espa\u00f1a). En esta videollamada, Omedes nos cont\u00f3 sobre del Festival DOCFIELD en [&hellip;]<\/p>\n","protected":false},"author":2,"featured_media":5024,"comment_status":"closed","ping_status":"open","sticky":false,"template":"","format":"standard","meta":{"footnotes":""},"categories":[10],"tags":[],"class_list":["post-5022","post","type-post","status-publish","format-standard","has-post-thumbnail","hentry","category-noticias"],"_links":{"self":[{"href":"https:\/\/fifv.cl\/2016\/wp-json\/wp\/v2\/posts\/5022","targetHints":{"allow":["GET"]}}],"collection":[{"href":"https:\/\/fifv.cl\/2016\/wp-json\/wp\/v2\/posts"}],"about":[{"href":"https:\/\/fifv.cl\/2016\/wp-json\/wp\/v2\/types\/post"}],"author":[{"embeddable":true,"href":"https:\/\/fifv.cl\/2016\/wp-json\/wp\/v2\/users\/2"}],"replies":[{"embeddable":true,"href":"https:\/\/fifv.cl\/2016\/wp-json\/wp\/v2\/comments?post=5022"}],"version-history":[{"count":4,"href":"https:\/\/fifv.cl\/2016\/wp-json\/wp\/v2\/posts\/5022\/revisions"}],"predecessor-version":[{"id":5251,"href":"https:\/\/fifv.cl\/2016\/wp-json\/wp\/v2\/posts\/5022\/revisions\/5251"}],"wp:featuredmedia":[{"embeddable":true,"href":"https:\/\/fifv.cl\/2016\/wp-json\/wp\/v2\/media\/5024"}],"wp:attachment":[{"href":"https:\/\/fifv.cl\/2016\/wp-json\/wp\/v2\/media?parent=5022"}],"wp:term":[{"taxonomy":"category","embeddable":true,"href":"https:\/\/fifv.cl\/2016\/wp-json\/wp\/v2\/categories?post=5022"},{"taxonomy":"post_tag","embeddable":true,"href":"https:\/\/fifv.cl\/2016\/wp-json\/wp\/v2\/tags?post=5022"}],"curies":[{"name":"wp","href":"https:\/\/api.w.org\/{rel}","templated":true}]}}