{"id":5052,"date":"2016-11-13T17:21:40","date_gmt":"2016-11-13T20:21:40","guid":{"rendered":"http:\/\/fifv.cl\/2016\/?p=5052"},"modified":"2016-11-22T17:32:44","modified_gmt":"2016-11-22T20:32:44","slug":"exposiciones-plaza-victoria","status":"publish","type":"post","link":"https:\/\/fifv.cl\/2016\/exposiciones-plaza-victoria\/","title":{"rendered":"Workshops  exponen en Plaza Victoria"},"content":{"rendered":"<p style=\"text-align: justify;\">Esta muestra fue el resultado de los workshops dictados por tres destacados invitados internacionales: los fot\u00f3grafos Ana Casas Broda (Espa\u00f1a), el Dario Coletti (Italia) y Juan Valbuena (Espa\u00f1a). Veinticuatro fot\u00f3grafos participaron de estos talleres, cuya finalidad fue la creaci\u00f3n, ejecuci\u00f3n y difusi\u00f3n de un proyecto fotogr\u00e1fico colectivo. A pesar de ser un proyecto en terreno, la mayor parte del trabajo de los workshops se realiz\u00f3 en salas del Parque Cultural de Valpara\u00edso y en el Laboratorio Editorial FIFV.<\/p>\n<p style=\"text-align: justify;\">El taller \u201cLa fotograf\u00eda como acontecimiento\u201d, dictado por Ana Casas Broda, se trabaj\u00f3 cada tema personal de forma colectiva, como una continuidad de memorias, miedos, recuerdos y deseos. <!--more-->La fot\u00f3grafa espa\u00f1ola inici\u00f3 el taller con una revisi\u00f3n a los alumnos, a quienes se les pidi\u00f3 llevar fotos destacadas de su \u00e1lbum familiar, una serie fotogr\u00e1fica de sus vidas cotidianas que se pidi\u00f3 a modo de ejercicio, adem\u00e1s de una muestra de los proyectos personales de cada seleccionado. Luego, Ana Casas se entrevist\u00f3 personalmente con cada seleccionado para tener una mejor idea de c\u00f3mo trabajar con el grupo. Todas las decisiones de la exposici\u00f3n se tomaron en grupo y se crearon colaboraciones entre los alumnos en poder realizar ciertas im\u00e1genes.<\/p>\n<p style=\"text-align: justify;\">Por su parte, en el workshop \u201dCuando 1+1=3\u201d de Juan Valbuena se trabaj\u00f3 los temas de la Emigraci\u00f3n, el Viaje y el Traslado. \u00a0Y el autor italiano Dario Coletti \u00a0plante\u00f3 su workshop como un viaje al interior del espacio urbano, y la b\u00fasqueda de la identidad interior de la ciudad porte\u00f1a. Junto a Coletti, los alumnos visitaron el Casco Patrimonial Unesco, el Museo a Cielo Abierto y el cerro C\u00e1rcel.<\/p>\n<p style=\"text-align: justify;\">Los seleccionados de cada workshop se dedicaron a la producci\u00f3n de las im\u00e1genes entre el lunes 31 de octubre y el martes 1 de noviembre. Al d\u00eda siguiente, se comenz\u00f3 a trabajar en edici\u00f3n, una tarea exhaustiva que los tuvo hasta largas horas de la madrugada trabajando. Finalmente montaron la exposici\u00f3n el d\u00eda viernes 4, antes de su inauguraci\u00f3n en el cierre del FIFV 2016.<\/p>\n<p style=\"text-align: justify;\">La muestra de los workshops FIFV 2016 estar\u00e1 abierta al p\u00fablico en la Plaza Victoria hasta el 30 de noviembre.<\/p>\n<p style=\"text-align: justify;\"><img loading=\"lazy\" decoding=\"async\" class=\"alignnone size-full wp-image-5219\" src=\"http:\/\/fifv.cl\/2016\/wp-content\/uploads\/2016\/11\/VRC0129-Large.jpg\" alt=\"_vrc0129-large\" width=\"1623\" height=\"1080\" srcset=\"https:\/\/fifv.cl\/2016\/wp-content\/uploads\/2016\/11\/VRC0129-Large.jpg 1623w, https:\/\/fifv.cl\/2016\/wp-content\/uploads\/2016\/11\/VRC0129-Large-300x200.jpg 300w, https:\/\/fifv.cl\/2016\/wp-content\/uploads\/2016\/11\/VRC0129-Large-768x511.jpg 768w, https:\/\/fifv.cl\/2016\/wp-content\/uploads\/2016\/11\/VRC0129-Large-1024x681.jpg 1024w, https:\/\/fifv.cl\/2016\/wp-content\/uploads\/2016\/11\/VRC0129-Large-750x499.jpg 750w\" sizes=\"auto, (max-width: 1623px) 100vw, 1623px\" \/><\/p>\n<p style=\"text-align: justify;\">Foto:V\u00edctor Ruiz Caballero<\/p>\n","protected":false},"excerpt":{"rendered":"<p>Esta muestra fue el resultado de los workshops dictados por tres destacados invitados internacionales: los fot\u00f3grafos Ana Casas Broda (Espa\u00f1a), el Dario Coletti (Italia) y Juan Valbuena (Espa\u00f1a). Veinticuatro fot\u00f3grafos [&hellip;]<\/p>\n","protected":false},"author":2,"featured_media":5222,"comment_status":"closed","ping_status":"open","sticky":false,"template":"","format":"standard","meta":{"footnotes":""},"categories":[10],"tags":[],"class_list":["post-5052","post","type-post","status-publish","format-standard","has-post-thumbnail","hentry","category-noticias"],"_links":{"self":[{"href":"https:\/\/fifv.cl\/2016\/wp-json\/wp\/v2\/posts\/5052","targetHints":{"allow":["GET"]}}],"collection":[{"href":"https:\/\/fifv.cl\/2016\/wp-json\/wp\/v2\/posts"}],"about":[{"href":"https:\/\/fifv.cl\/2016\/wp-json\/wp\/v2\/types\/post"}],"author":[{"embeddable":true,"href":"https:\/\/fifv.cl\/2016\/wp-json\/wp\/v2\/users\/2"}],"replies":[{"embeddable":true,"href":"https:\/\/fifv.cl\/2016\/wp-json\/wp\/v2\/comments?post=5052"}],"version-history":[{"count":15,"href":"https:\/\/fifv.cl\/2016\/wp-json\/wp\/v2\/posts\/5052\/revisions"}],"predecessor-version":[{"id":5291,"href":"https:\/\/fifv.cl\/2016\/wp-json\/wp\/v2\/posts\/5052\/revisions\/5291"}],"wp:featuredmedia":[{"embeddable":true,"href":"https:\/\/fifv.cl\/2016\/wp-json\/wp\/v2\/media\/5222"}],"wp:attachment":[{"href":"https:\/\/fifv.cl\/2016\/wp-json\/wp\/v2\/media?parent=5052"}],"wp:term":[{"taxonomy":"category","embeddable":true,"href":"https:\/\/fifv.cl\/2016\/wp-json\/wp\/v2\/categories?post=5052"},{"taxonomy":"post_tag","embeddable":true,"href":"https:\/\/fifv.cl\/2016\/wp-json\/wp\/v2\/tags?post=5052"}],"curies":[{"name":"wp","href":"https:\/\/api.w.org\/{rel}","templated":true}]}}