{"id":5054,"date":"2016-11-05T17:27:00","date_gmt":"2016-11-05T20:27:00","guid":{"rendered":"http:\/\/fifv.cl\/2016\/?p=5054"},"modified":"2016-11-21T23:47:54","modified_gmt":"2016-11-22T02:47:54","slug":"evento-de-cierre-actividades-del-fifv2016","status":"publish","type":"post","link":"https:\/\/fifv.cl\/2016\/evento-de-cierre-actividades-del-fifv2016\/","title":{"rendered":"Evento de cierre actividades del FIFV2016"},"content":{"rendered":"<p>Tras la inauguraci\u00f3n de ambas exposiciones este s\u00e1bado 5 de noviembre se realiz\u00f3 el cierre de FIFV donde \u00a0se invit\u00f3 al p\u00fablico al Teatro Condell. El evento incluy\u00f3 una proyecci\u00f3n sonorizada \u00a0por el Festival de Arte Sonoro Tsonami y Cesar Bernal, contrabajo en vivo. Tambi\u00e9n se destac\u00f3 e hizo una menci\u00f3n honorifica para Cristian Ochoa por sus trabajos y finalmente se anunci\u00f3 el premio Mejor Portafolio, cuyo ganador resulto ser Xavier Martin (Argentina) quien recibir\u00e1 una\u00a0\u00a0beca de estudio de 3 semanas en el Centro Internacional de Fotograf\u00eda y Cine\/EFTI (Madrid).<\/p>\n<p>Xavier Martin se\u00f1al\u00f3: \u00bb Decid\u00ed postular porque conoc\u00eda el Festival y coincidi\u00f3 con un momento en que estaba m\u00e1s seguro de mi trabajo y pens\u00e9 que era una buena instancia para mostrarlo. Cuando supe que fui seleccionado estaba muy emocionado, fue una experiencia buen\u00edsima venir, las revisiones de portafolios estaban todas muy buenas todas las criticas fueron bienvenidas. Estoy en proceso de hacer un libro con este material y me sirvieron los consejos y apoyo para modificar la maqueta. Mi trabajo est\u00e1 m\u00e1s s\u00f3lido tras esta semana\u00bb.<\/p>\n<p>\u00abEstamos realmente emocionados y felices. Un festival fant\u00e1stico y vamos a empezar a trabajar para el pr\u00f3ximo\u00bb. Se\u00f1alo Rodrigo G\u00f3mez Rovira, directos del FIFV<\/p>\n<p>Esta jornada finaliz\u00f3 con un cocktail para los invitados que llenaron el teatro Condell para despedir al Festival.<\/p>\n<p>\u00abMe emociona mucho, soy de San Antonio, pero vivo ac\u00e1 hace cinco a\u00f1os. El festival y las exposiciones hacen la diferencia entre observar y detenerse a ver lo que siempre est\u00e1 all\u00ed. Es un regalo que tiene que hacerse uno. Vi unas im\u00e1genes de unos pescadores en los worshops de Plaza Victoria y tienen mucha humanidad. Con la edad no debemos perder eso que tienen los ni\u00f1os de volver admirarse de las cosas. El arte no tiene que ver con mostrar una fotograf\u00eda de otro mundo, lo extraordinario est\u00e1 en esto.\u00bb se\u00f1al\u00f3 Carlos Borquez, m\u00fasico que asisti\u00f3 al cierre de FIFV.<\/p>\n<p>Foto: V\u00edctor Ruiz Caballero<\/p>\n<figure id=\"attachment_5055\" aria-describedby=\"caption-attachment-5055\" style=\"width: 1898px\" class=\"wp-caption alignnone\"><img loading=\"lazy\" decoding=\"async\" class=\"size-full wp-image-5055\" src=\"http:\/\/fifv.cl\/2016\/wp-content\/uploads\/2016\/11\/VRC0270.jpg\" alt=\"(Izq. a der.) Los premiados Cristian Ochoa  y  Xavier Martin (4to) posan junto a Rodrigo Gomez(2do) Juan Valbuena(3ro) y Miguel A. Larrea(5to) en la premiaci\u00f3n de portafolios  de  la 7\u00aa edici\u00f3n del Festival Internacional de Fotograf\u00eda en Valpara\u00edso, FIFV 2016. \u00a9Victor Ruiz Caballero\" width=\"1898\" height=\"1263\" srcset=\"https:\/\/fifv.cl\/2016\/wp-content\/uploads\/2016\/11\/VRC0270.jpg 1898w, https:\/\/fifv.cl\/2016\/wp-content\/uploads\/2016\/11\/VRC0270-300x200.jpg 300w, https:\/\/fifv.cl\/2016\/wp-content\/uploads\/2016\/11\/VRC0270-768x511.jpg 768w, https:\/\/fifv.cl\/2016\/wp-content\/uploads\/2016\/11\/VRC0270-1024x681.jpg 1024w, https:\/\/fifv.cl\/2016\/wp-content\/uploads\/2016\/11\/VRC0270-750x499.jpg 750w\" sizes=\"auto, (max-width: 1898px) 100vw, 1898px\" \/><figcaption id=\"caption-attachment-5055\" class=\"wp-caption-text\">(Izq. a der.) Los premiados Cristian Ochoa y Xavier Martin (4to) posan junto a Rodrigo Gomez(2do) Juan Valbuena(3ro) y Miguel A. Larrea(5to) en la premiaci\u00f3n de portafolios de la 7\u00aa edici\u00f3n del Festival Internacional de Fotograf\u00eda en Valpara\u00edso, FIFV 2016. \u00a9Victor Ruiz Caballero<\/figcaption><\/figure>\n<p>&nbsp;<\/p>\n","protected":false},"excerpt":{"rendered":"<p>Tras la inauguraci\u00f3n de ambas exposiciones este s\u00e1bado 5 de noviembre se realiz\u00f3 el cierre de FIFV donde \u00a0se invit\u00f3 al p\u00fablico al Teatro Condell. El evento incluy\u00f3 una proyecci\u00f3n [&hellip;]<\/p>\n","protected":false},"author":2,"featured_media":5055,"comment_status":"closed","ping_status":"open","sticky":false,"template":"","format":"standard","meta":{"footnotes":""},"categories":[10],"tags":[],"class_list":["post-5054","post","type-post","status-publish","format-standard","has-post-thumbnail","hentry","category-noticias"],"_links":{"self":[{"href":"https:\/\/fifv.cl\/2016\/wp-json\/wp\/v2\/posts\/5054","targetHints":{"allow":["GET"]}}],"collection":[{"href":"https:\/\/fifv.cl\/2016\/wp-json\/wp\/v2\/posts"}],"about":[{"href":"https:\/\/fifv.cl\/2016\/wp-json\/wp\/v2\/types\/post"}],"author":[{"embeddable":true,"href":"https:\/\/fifv.cl\/2016\/wp-json\/wp\/v2\/users\/2"}],"replies":[{"embeddable":true,"href":"https:\/\/fifv.cl\/2016\/wp-json\/wp\/v2\/comments?post=5054"}],"version-history":[{"count":5,"href":"https:\/\/fifv.cl\/2016\/wp-json\/wp\/v2\/posts\/5054\/revisions"}],"predecessor-version":[{"id":5289,"href":"https:\/\/fifv.cl\/2016\/wp-json\/wp\/v2\/posts\/5054\/revisions\/5289"}],"wp:featuredmedia":[{"embeddable":true,"href":"https:\/\/fifv.cl\/2016\/wp-json\/wp\/v2\/media\/5055"}],"wp:attachment":[{"href":"https:\/\/fifv.cl\/2016\/wp-json\/wp\/v2\/media?parent=5054"}],"wp:term":[{"taxonomy":"category","embeddable":true,"href":"https:\/\/fifv.cl\/2016\/wp-json\/wp\/v2\/categories?post=5054"},{"taxonomy":"post_tag","embeddable":true,"href":"https:\/\/fifv.cl\/2016\/wp-json\/wp\/v2\/tags?post=5054"}],"curies":[{"name":"wp","href":"https:\/\/api.w.org\/{rel}","templated":true}]}}