{"id":5098,"date":"2016-11-19T07:30:03","date_gmt":"2016-11-19T10:30:03","guid":{"rendered":"http:\/\/fifv.cl\/2016\/?p=5098"},"modified":"2016-11-19T09:59:50","modified_gmt":"2016-11-19T12:59:50","slug":"premiado-fotografo-espanol-revela-los-objetos-caracteristicos-de-los-portenos","status":"publish","type":"post","link":"https:\/\/fifv.cl\/2016\/premiado-fotografo-espanol-revela-los-objetos-caracteristicos-de-los-portenos\/","title":{"rendered":"Fot\u00f3grafo espa\u00f1ol Juan Manuel Castro Prieto revela los objetos caracter\u00edsticos de los porte\u00f1os"},"content":{"rendered":"<p>\u201cEl tema principal de mi muestra es la memoria y me interesa esa gente que ha reconstruido su memoria tras el incendio. Fui una tarde a fotografiar una familia y fue una experiencia bien bonita. Tambi\u00e9n voy a fotografiar los museos, casas, lugares que guardan memoria\u201d coment\u00f3 el autor ib\u00e9rico tras su residencia en Chile.<\/p>\n<p><!--more--><\/p>\n<p style=\"text-align: justify;\">Hasta el jueves 27 de noviembre los porte\u00f1os podr\u00e1n disfrutar de la obra del Premio Nacional de Fotograf\u00eda de Espa\u00f1a, Juan Manuel Castro Prieto, en la muestra central de Festival Internacional de Fotograf\u00eda en Valpara\u00edso FIFV.<\/p>\n<p style=\"text-align: justify;\">Juan Manuel Castro Prieto es reconocido por rescatar el exotismo y el mestizaje iconogr\u00e1fico de cada pa\u00eds que visita. Este autor ib\u00e9rico visit\u00f3 Valpara\u00edso durante noviembre del a\u00f1o pasado, para dictar un workshop en el FIFV 2015 y adem\u00e1s, participar de una charla junto al artista chileno Camilo Y\u00e1\u00f1ez. Durante su estad\u00eda quiso trabajar en interiores y fotografi\u00f3 solo ambientes \u00edntimos, descubriendo Valpara\u00edso desde la acumulaci\u00f3n de objetos, con la intenci\u00f3n de plasmar el patrimonio cotidiano de la ciudad. En dicha ocasi\u00f3n, visit\u00f3 el Museo de Cienccia Natural de Valpara\u00edso, adem\u00e1s de picadas tradicionales del puerto como el Cinzano y residencias particulares. En estas fotograf\u00edas no aparecen personas, sus historias se revelan a trav\u00e9s de sus objetos.<\/p>\n<p><a href=\"http:\/\/fifv.cl\/2016\/fotos-castro-prieto-para-articulo\/\">Descargar Fotos<\/a><\/p>\n<p>&nbsp;<\/p>\n","protected":false},"excerpt":{"rendered":"<p>\u201cEl tema principal de mi muestra es la memoria y me interesa esa gente que ha reconstruido su memoria tras el incendio. Fui una tarde a fotografiar una familia y [&hellip;]<\/p>\n","protected":false},"author":2,"featured_media":3984,"comment_status":"closed","ping_status":"open","sticky":false,"template":"","format":"standard","meta":{"footnotes":""},"categories":[10],"tags":[],"class_list":["post-5098","post","type-post","status-publish","format-standard","has-post-thumbnail","hentry","category-noticias"],"_links":{"self":[{"href":"https:\/\/fifv.cl\/2016\/wp-json\/wp\/v2\/posts\/5098","targetHints":{"allow":["GET"]}}],"collection":[{"href":"https:\/\/fifv.cl\/2016\/wp-json\/wp\/v2\/posts"}],"about":[{"href":"https:\/\/fifv.cl\/2016\/wp-json\/wp\/v2\/types\/post"}],"author":[{"embeddable":true,"href":"https:\/\/fifv.cl\/2016\/wp-json\/wp\/v2\/users\/2"}],"replies":[{"embeddable":true,"href":"https:\/\/fifv.cl\/2016\/wp-json\/wp\/v2\/comments?post=5098"}],"version-history":[{"count":5,"href":"https:\/\/fifv.cl\/2016\/wp-json\/wp\/v2\/posts\/5098\/revisions"}],"predecessor-version":[{"id":5270,"href":"https:\/\/fifv.cl\/2016\/wp-json\/wp\/v2\/posts\/5098\/revisions\/5270"}],"wp:featuredmedia":[{"embeddable":true,"href":"https:\/\/fifv.cl\/2016\/wp-json\/wp\/v2\/media\/3984"}],"wp:attachment":[{"href":"https:\/\/fifv.cl\/2016\/wp-json\/wp\/v2\/media?parent=5098"}],"wp:term":[{"taxonomy":"category","embeddable":true,"href":"https:\/\/fifv.cl\/2016\/wp-json\/wp\/v2\/categories?post=5098"},{"taxonomy":"post_tag","embeddable":true,"href":"https:\/\/fifv.cl\/2016\/wp-json\/wp\/v2\/tags?post=5098"}],"curies":[{"name":"wp","href":"https:\/\/api.w.org\/{rel}","templated":true}]}}