{"id":5101,"date":"2016-11-19T06:00:23","date_gmt":"2016-11-19T09:00:23","guid":{"rendered":"http:\/\/fifv.cl\/2016\/?p=5101"},"modified":"2016-11-19T10:03:34","modified_gmt":"2016-11-19T13:03:34","slug":"gilles-favier-vuelve-al-festival-internacional-de-fotografia-en-valparaiso-fifv","status":"publish","type":"post","link":"https:\/\/fifv.cl\/2016\/gilles-favier-vuelve-al-festival-internacional-de-fotografia-en-valparaiso-fifv\/","title":{"rendered":"Gilles Favier vuelve al Festival Internacional de Fotograf\u00eda en Valpara\u00edso FIFV."},"content":{"rendered":"<p style=\"text-align: justify;\">El franc\u00e9s Gilles Favier, conocido por su perspectiva humanista sobre los aspectos m\u00e1s marginales de la sociedad, retrat\u00f3 personas y encuentros en su residencia en Valpara\u00edso el a\u00f1o pasado. Estas fotograf\u00edas son\u00a0 parte de la exposici\u00f3n \u201cValpara\u00edso\u201d, que incluye tambi\u00e9n trabajos de Paolo Verzone, Juan Manuel Castro Prieto, Claudine Doury y Bertrand Meunier. Hasta el jueves 27 de noviembre, el p\u00fablico podr\u00e1\u00a0 conocer el trabajo de este referente de la fotograf\u00eda contempor\u00e1nea en la Sala de Artes Visuales del PCdV.<\/p>\n<p style=\"text-align: justify;\"><!--more--><\/p>\n<p style=\"text-align: justify;\">Para esta exhibici\u00f3n, Favier realiz\u00f3 un panorama humano de personajes que le llamaron la atenci\u00f3n en su tr\u00e1nsito por la ciudad, captando con importa realista sus delicadezas y fantas\u00edas individuales. Adem\u00e1s, la muestra estar\u00e1 disponible en formato impreso. El libro \u201cValpara\u00edso\u201d, que incluye fotograf\u00edas de Favier, Doury, Verzone y Castro Prieto, se encuentra a la venta en la Librer\u00eda FIFV, instalada a la entrada de la exposici\u00f3n del Parque Cultural de Valpara\u00edso.<\/p>\n<p style=\"text-align: justify;\"><strong>Biograf\u00eda de Gilles Favier<\/strong><\/p>\n<p style=\"text-align: justify;\">Destacado fot\u00f3grafo franc\u00e9s, representado por la Agencia VU\u2019 y director del Festival de Fotograf\u00eda Images Singuli\u00e8res (S\u00e8te, Francia). Inspirado por la est\u00e9tica de Diane Arbus, \u00e9ste artista desarrolla una perspectiva humanista sobre los aspectos m\u00e1s marginales de la sociedad. Su obra se caracteriza por una impronta realista, desprovista de lo espectacular. Gilles Favier ha participado en varias ocasiones del FIFV y dict\u00f3 un workshop en Valpara\u00edso el a\u00f1o 2014.<\/p>\n<p style=\"text-align: justify;\">\n<p style=\"text-align: justify;\">\n<p style=\"text-align: justify;\"><a href=\"http:\/\/fifv.cl\/2016\/gilles-favier-articulo-fotos\/\">Descargar Fotos<\/a><\/p>\n","protected":false},"excerpt":{"rendered":"<p>El franc\u00e9s Gilles Favier, conocido por su perspectiva humanista sobre los aspectos m\u00e1s marginales de la sociedad, retrat\u00f3 personas y encuentros en su residencia en Valpara\u00edso el a\u00f1o pasado. Estas [&hellip;]<\/p>\n","protected":false},"author":2,"featured_media":4744,"comment_status":"closed","ping_status":"open","sticky":false,"template":"","format":"standard","meta":{"footnotes":""},"categories":[10],"tags":[],"class_list":["post-5101","post","type-post","status-publish","format-standard","has-post-thumbnail","hentry","category-noticias"],"_links":{"self":[{"href":"https:\/\/fifv.cl\/2016\/wp-json\/wp\/v2\/posts\/5101","targetHints":{"allow":["GET"]}}],"collection":[{"href":"https:\/\/fifv.cl\/2016\/wp-json\/wp\/v2\/posts"}],"about":[{"href":"https:\/\/fifv.cl\/2016\/wp-json\/wp\/v2\/types\/post"}],"author":[{"embeddable":true,"href":"https:\/\/fifv.cl\/2016\/wp-json\/wp\/v2\/users\/2"}],"replies":[{"embeddable":true,"href":"https:\/\/fifv.cl\/2016\/wp-json\/wp\/v2\/comments?post=5101"}],"version-history":[{"count":7,"href":"https:\/\/fifv.cl\/2016\/wp-json\/wp\/v2\/posts\/5101\/revisions"}],"predecessor-version":[{"id":5269,"href":"https:\/\/fifv.cl\/2016\/wp-json\/wp\/v2\/posts\/5101\/revisions\/5269"}],"wp:featuredmedia":[{"embeddable":true,"href":"https:\/\/fifv.cl\/2016\/wp-json\/wp\/v2\/media\/4744"}],"wp:attachment":[{"href":"https:\/\/fifv.cl\/2016\/wp-json\/wp\/v2\/media?parent=5101"}],"wp:term":[{"taxonomy":"category","embeddable":true,"href":"https:\/\/fifv.cl\/2016\/wp-json\/wp\/v2\/categories?post=5101"},{"taxonomy":"post_tag","embeddable":true,"href":"https:\/\/fifv.cl\/2016\/wp-json\/wp\/v2\/tags?post=5101"}],"curies":[{"name":"wp","href":"https:\/\/api.w.org\/{rel}","templated":true}]}}