{"id":5105,"date":"2016-11-19T09:14:03","date_gmt":"2016-11-19T12:14:03","guid":{"rendered":"http:\/\/fifv.cl\/2016\/?p=5105"},"modified":"2016-11-19T10:00:22","modified_gmt":"2016-11-19T13:00:22","slug":"hasta-el-27-de-noviembre-se-puede-visitar-la-exposicion-central-del-fifv","status":"publish","type":"post","link":"https:\/\/fifv.cl\/2016\/hasta-el-27-de-noviembre-se-puede-visitar-la-exposicion-central-del-fifv\/","title":{"rendered":"Hasta el 27 de noviembre se puede visitar la exposici\u00f3n central del FIFV"},"content":{"rendered":"<p style=\"text-align: justify;\">Uno de los ejes centrales del FIFV son sus exposiciones, que cuentan con una producci\u00f3n y montaje de nivel internacional. Por segundo a\u00f1o consecutivo, estas exposiciones cuentan con un programa de mediaci\u00f3n, consistente en dos recorridos de visitas guiadas para que los asistentes conozcan donde nacen los procesos y c\u00f3mo se articulan las im\u00e1genes de cada muestra.<\/p>\n<p style=\"text-align: justify;\"><!--more--><\/p>\n<p>En la Sala de Artes Visuales del Parque Cultural de Valpara\u00edso se encuentra la exposici\u00f3n central del FIFV 2016, que mezcla fotograf\u00edas de gran y mediano formato y re\u00fane a cinco destacados fot\u00f3grafos internacionales que participaron de las residencias del FIFV en Valpara\u00edso los a\u00f1os 2013 y 2015. Esta exposici\u00f3n es un laberinto que contrapone las miradas individuales de cada artista, desde lugares y realidades ocultas o ignoradas en el tr\u00e1nsito cotidiano por la ciudad.<\/p>\n<p>El italiano Paolo Verzone trabaj\u00f3 durante 20 d\u00edas fotografiando los cadetes de la Escuela Naval de Playa Ancha, al igual que la autora francesa Claudine Doury, quien estuvo tambi\u00e9n 20 d\u00edas en un liceo de Valpara\u00edso, fotografiando a los alumnos para esta exposici\u00f3n. Juan Manuel Castro Prieto revel\u00f3 un Valpara\u00edso desde la acumulaci\u00f3n de objetos, con la intenci\u00f3n de plasmar el patrimonio cotidiano de la ciudad. El franc\u00e9s Gilles Favier retrat\u00f3 personas y encuentros en su residencia en Valpara\u00edso, personajes que le llamaron la atenci\u00f3n en su tr\u00e1nsito por la ciudad. Por \u00faltimo, su compatriota Bertrand Menieur, aport\u00f3 a esta muestra su trabajo in\u00e9dito realizado en Curauma, que cuestiona la manera en que se est\u00e1n expandiendo las ciudades y plantea una visi\u00f3n pol\u00edtica sobre el aislamiento y la sobreprotecci\u00f3n de los hogares.<\/p>\n<p>Adem\u00e1s, en la misma Sala de Artes Visuales hemos montado de una muestra de fotolibros donados por la Asociaci\u00f3n Francesa de Editores de Fotolibros \u201cPhotobook Social Club\u201d y una muestra del trabajo editorial FIFV, iniciativa que tiene el objetivo de fomentar la creaci\u00f3n fotogr\u00e1fica autoral desde Valpara\u00edso para el mundo.<\/p>\n<p>Estas tres muestras est\u00e1n abiertas todos los d\u00edas hasta las 18 horas. Durante las ma\u00f1anas, habr\u00e1 visitas guiadas de 11 a 13 horas, para p\u00fablico general, instituciones y organizaciones comunitarias. Pueden participar grupos de 8 a 25 personas tras previa inscripci\u00f3n en los correos anamariabriede@gmail.com y lauraqledesma@gmail.com.<\/p>\n<p>&nbsp;<\/p>\n<p style=\"text-align: justify;\"><a href=\"http:\/\/fifv.cl\/2016\/fotos-articulo-exposicion-central\/\">Descargar Fotos<\/a><\/p>\n<p style=\"text-align: justify;\">\n","protected":false},"excerpt":{"rendered":"<p>Uno de los ejes centrales del FIFV son sus exposiciones, que cuentan con una producci\u00f3n y montaje de nivel internacional. Por segundo a\u00f1o consecutivo, estas exposiciones cuentan con un programa [&hellip;]<\/p>\n","protected":false},"author":2,"featured_media":5191,"comment_status":"closed","ping_status":"open","sticky":false,"template":"","format":"standard","meta":{"footnotes":""},"categories":[10],"tags":[],"class_list":["post-5105","post","type-post","status-publish","format-standard","has-post-thumbnail","hentry","category-noticias"],"_links":{"self":[{"href":"https:\/\/fifv.cl\/2016\/wp-json\/wp\/v2\/posts\/5105","targetHints":{"allow":["GET"]}}],"collection":[{"href":"https:\/\/fifv.cl\/2016\/wp-json\/wp\/v2\/posts"}],"about":[{"href":"https:\/\/fifv.cl\/2016\/wp-json\/wp\/v2\/types\/post"}],"author":[{"embeddable":true,"href":"https:\/\/fifv.cl\/2016\/wp-json\/wp\/v2\/users\/2"}],"replies":[{"embeddable":true,"href":"https:\/\/fifv.cl\/2016\/wp-json\/wp\/v2\/comments?post=5105"}],"version-history":[{"count":5,"href":"https:\/\/fifv.cl\/2016\/wp-json\/wp\/v2\/posts\/5105\/revisions"}],"predecessor-version":[{"id":5263,"href":"https:\/\/fifv.cl\/2016\/wp-json\/wp\/v2\/posts\/5105\/revisions\/5263"}],"wp:featuredmedia":[{"embeddable":true,"href":"https:\/\/fifv.cl\/2016\/wp-json\/wp\/v2\/media\/5191"}],"wp:attachment":[{"href":"https:\/\/fifv.cl\/2016\/wp-json\/wp\/v2\/media?parent=5105"}],"wp:term":[{"taxonomy":"category","embeddable":true,"href":"https:\/\/fifv.cl\/2016\/wp-json\/wp\/v2\/categories?post=5105"},{"taxonomy":"post_tag","embeddable":true,"href":"https:\/\/fifv.cl\/2016\/wp-json\/wp\/v2\/tags?post=5105"}],"curies":[{"name":"wp","href":"https:\/\/api.w.org\/{rel}","templated":true}]}}