{"id":5114,"date":"2016-11-14T11:18:28","date_gmt":"2016-11-14T14:18:28","guid":{"rendered":"http:\/\/fifv.cl\/2016\/?p=5114"},"modified":"2016-11-17T09:38:27","modified_gmt":"2016-11-17T12:38:27","slug":"daria-coletti-invitado-al-fifv-2016-es-la-primera-vez-que-trabajo-con-estudiantes-latinoamericanos-y-ha-sido-un-bellisimo-descubrimiento","status":"publish","type":"post","link":"https:\/\/fifv.cl\/2016\/daria-coletti-invitado-al-fifv-2016-es-la-primera-vez-que-trabajo-con-estudiantes-latinoamericanos-y-ha-sido-un-bellisimo-descubrimiento\/","title":{"rendered":"Dar\u00edo Coletti, invitado al FIFV 2016: \u201cEs la primera vez que trabajo con estudiantes latinoamericanos y ha sido un bell\u00edsimo descubrimiento\u201d"},"content":{"rendered":"<p style=\"text-align: justify;\"><strong>\u00bfQu\u00e9 te motiv\u00f3 a venir desde Italia a participar de nuestro festival?<\/strong><\/p>\n<p style=\"text-align: justify;\">Conoc\u00ed el FIFV porque el a\u00f1o pasado, porque estaba al tanto de varias muestras. Pero no conoc\u00eda bien la organizaci\u00f3n del festival. Imaginaba un festival muy simple y cuando llegu\u00e9, encontr\u00e9 una situaci\u00f3n mucho m\u00e1s variada e interesante. Quise venir luego de hablar con Rodrigo por Skype, mientras \u00e9l caminaba por la ciudad y me mostraba sus rincones. Me convenci\u00f3 la honestidad del proyecto. Adem\u00e1s, sent\u00eda un gran amor por Chile, su literatura y la obra de Sergio Larra\u00edn. Ten\u00eda curiosidad de conocer esta naci\u00f3n. Y este viaje super\u00f3 mis expectativas.<\/p>\n<p style=\"text-align: justify;\"><a href=\"http:\/\/fifv.cl\/2016\/wp-content\/uploads\/2016\/11\/Entrevista-Dario-Coletti.docx\">Descargar Entrevista<\/a><\/p>\n<p style=\"text-align: justify;\"><a href=\"http:\/\/fifv.cl\/2016\/5117-2\/\">Descargar Fotos <\/a><\/p>\n","protected":false},"excerpt":{"rendered":"<p>\u00bfQu\u00e9 te motiv\u00f3 a venir desde Italia a participar de nuestro festival? Conoc\u00ed el FIFV porque el a\u00f1o pasado, porque estaba al tanto de varias muestras. Pero no conoc\u00eda bien [&hellip;]<\/p>\n","protected":false},"author":2,"featured_media":0,"comment_status":"closed","ping_status":"open","sticky":false,"template":"","format":"standard","meta":{"footnotes":""},"categories":[],"tags":[],"class_list":["post-5114","post","type-post","status-publish","format-standard","hentry"],"_links":{"self":[{"href":"https:\/\/fifv.cl\/2016\/wp-json\/wp\/v2\/posts\/5114","targetHints":{"allow":["GET"]}}],"collection":[{"href":"https:\/\/fifv.cl\/2016\/wp-json\/wp\/v2\/posts"}],"about":[{"href":"https:\/\/fifv.cl\/2016\/wp-json\/wp\/v2\/types\/post"}],"author":[{"embeddable":true,"href":"https:\/\/fifv.cl\/2016\/wp-json\/wp\/v2\/users\/2"}],"replies":[{"embeddable":true,"href":"https:\/\/fifv.cl\/2016\/wp-json\/wp\/v2\/comments?post=5114"}],"version-history":[{"count":4,"href":"https:\/\/fifv.cl\/2016\/wp-json\/wp\/v2\/posts\/5114\/revisions"}],"predecessor-version":[{"id":5149,"href":"https:\/\/fifv.cl\/2016\/wp-json\/wp\/v2\/posts\/5114\/revisions\/5149"}],"wp:attachment":[{"href":"https:\/\/fifv.cl\/2016\/wp-json\/wp\/v2\/media?parent=5114"}],"wp:term":[{"taxonomy":"category","embeddable":true,"href":"https:\/\/fifv.cl\/2016\/wp-json\/wp\/v2\/categories?post=5114"},{"taxonomy":"post_tag","embeddable":true,"href":"https:\/\/fifv.cl\/2016\/wp-json\/wp\/v2\/tags?post=5114"}],"curies":[{"name":"wp","href":"https:\/\/api.w.org\/{rel}","templated":true}]}}