{"id":5122,"date":"2016-11-14T11:34:16","date_gmt":"2016-11-14T14:34:16","guid":{"rendered":"http:\/\/fifv.cl\/2016\/?p=5122"},"modified":"2016-11-14T11:34:16","modified_gmt":"2016-11-14T14:34:16","slug":"fotos-articulo-exposicion-central","status":"publish","type":"post","link":"https:\/\/fifv.cl\/2016\/fotos-articulo-exposicion-central\/","title":{"rendered":"Fotos Art\u00edculo Exposici\u00f3n Central"},"content":{"rendered":"<p><a href=\"http:\/\/fifv.cl\/2016\/wp-content\/uploads\/2016\/11\/Exposicion-Central-34.jpg\"><img loading=\"lazy\" decoding=\"async\" class=\"alignnone wp-image-5123 size-full\" src=\"http:\/\/fifv.cl\/2016\/wp-content\/uploads\/2016\/11\/Exposicion-Central-34.jpg\" alt=\"exposicion-central-34\" width=\"3000\" height=\"1996\" srcset=\"https:\/\/fifv.cl\/2016\/wp-content\/uploads\/2016\/11\/Exposicion-Central-34.jpg 3000w, https:\/\/fifv.cl\/2016\/wp-content\/uploads\/2016\/11\/Exposicion-Central-34-300x200.jpg 300w, https:\/\/fifv.cl\/2016\/wp-content\/uploads\/2016\/11\/Exposicion-Central-34-768x511.jpg 768w, https:\/\/fifv.cl\/2016\/wp-content\/uploads\/2016\/11\/Exposicion-Central-34-1024x681.jpg 1024w, https:\/\/fifv.cl\/2016\/wp-content\/uploads\/2016\/11\/Exposicion-Central-34-750x499.jpg 750w\" sizes=\"auto, (max-width: 3000px) 100vw, 3000px\" \/><\/a> <a href=\"http:\/\/fifv.cl\/2016\/wp-content\/uploads\/2016\/11\/Exposicion-Central-30.jpg\"><img loading=\"lazy\" decoding=\"async\" class=\"alignnone wp-image-5124 size-full\" src=\"http:\/\/fifv.cl\/2016\/wp-content\/uploads\/2016\/11\/Exposicion-Central-30.jpg\" alt=\"exposicion-central-30\" width=\"3000\" height=\"1996\" srcset=\"https:\/\/fifv.cl\/2016\/wp-content\/uploads\/2016\/11\/Exposicion-Central-30.jpg 3000w, https:\/\/fifv.cl\/2016\/wp-content\/uploads\/2016\/11\/Exposicion-Central-30-300x200.jpg 300w, https:\/\/fifv.cl\/2016\/wp-content\/uploads\/2016\/11\/Exposicion-Central-30-768x511.jpg 768w, https:\/\/fifv.cl\/2016\/wp-content\/uploads\/2016\/11\/Exposicion-Central-30-1024x681.jpg 1024w, https:\/\/fifv.cl\/2016\/wp-content\/uploads\/2016\/11\/Exposicion-Central-30-750x499.jpg 750w\" sizes=\"auto, (max-width: 3000px) 100vw, 3000px\" \/><\/a> <a href=\"http:\/\/fifv.cl\/2016\/wp-content\/uploads\/2016\/11\/Exposicion-Central-23.jpg\"><img loading=\"lazy\" decoding=\"async\" class=\"alignnone wp-image-5125 size-full\" src=\"http:\/\/fifv.cl\/2016\/wp-content\/uploads\/2016\/11\/Exposicion-Central-23.jpg\" alt=\"exposicion-central-23\" width=\"2897\" height=\"1927\" srcset=\"https:\/\/fifv.cl\/2016\/wp-content\/uploads\/2016\/11\/Exposicion-Central-23.jpg 2897w, https:\/\/fifv.cl\/2016\/wp-content\/uploads\/2016\/11\/Exposicion-Central-23-300x200.jpg 300w, https:\/\/fifv.cl\/2016\/wp-content\/uploads\/2016\/11\/Exposicion-Central-23-768x511.jpg 768w, https:\/\/fifv.cl\/2016\/wp-content\/uploads\/2016\/11\/Exposicion-Central-23-1024x681.jpg 1024w, https:\/\/fifv.cl\/2016\/wp-content\/uploads\/2016\/11\/Exposicion-Central-23-750x499.jpg 750w\" sizes=\"auto, (max-width: 2897px) 100vw, 2897px\" \/><\/a><\/p>\n<figure id=\"attachment_5126\" aria-describedby=\"caption-attachment-5126\" style=\"width: 3000px\" class=\"wp-caption alignnone\"><a href=\"http:\/\/fifv.cl\/2016\/wp-content\/uploads\/2016\/11\/Exposicion-Central-18.jpg\"><img loading=\"lazy\" decoding=\"async\" class=\"wp-image-5126 size-full\" src=\"http:\/\/fifv.cl\/2016\/wp-content\/uploads\/2016\/11\/Exposicion-Central-18.jpg\" alt=\"Cientos de personas asistieron a la 7\u00aa edici\u00f3n del Festival Internacional de Fotograf\u00eda en Valpara\u00edso, FIFV 2016. \u00a9Victor Ruiz Caballero\" width=\"3000\" height=\"1996\" srcset=\"https:\/\/fifv.cl\/2016\/wp-content\/uploads\/2016\/11\/Exposicion-Central-18.jpg 3000w, https:\/\/fifv.cl\/2016\/wp-content\/uploads\/2016\/11\/Exposicion-Central-18-300x200.jpg 300w, https:\/\/fifv.cl\/2016\/wp-content\/uploads\/2016\/11\/Exposicion-Central-18-768x511.jpg 768w, https:\/\/fifv.cl\/2016\/wp-content\/uploads\/2016\/11\/Exposicion-Central-18-1024x681.jpg 1024w, https:\/\/fifv.cl\/2016\/wp-content\/uploads\/2016\/11\/Exposicion-Central-18-750x499.jpg 750w\" sizes=\"auto, (max-width: 3000px) 100vw, 3000px\" \/><\/a><figcaption id=\"caption-attachment-5126\" class=\"wp-caption-text\">Cientos de personas asistieron a la 7\u00aa edici\u00f3n del Festival Internacional de Fotograf\u00eda en Valpara\u00edso, FIFV 2016. \u00a9Victor Ruiz Caballero<\/figcaption><\/figure>\n<figure id=\"attachment_5127\" aria-describedby=\"caption-attachment-5127\" style=\"width: 3000px\" class=\"wp-caption alignnone\"><a href=\"http:\/\/fifv.cl\/2016\/wp-content\/uploads\/2016\/11\/Exposicion-Central-18-1.jpg\"><img loading=\"lazy\" decoding=\"async\" class=\"wp-image-5127 size-full\" src=\"http:\/\/fifv.cl\/2016\/wp-content\/uploads\/2016\/11\/Exposicion-Central-18-1.jpg\" alt=\"Cientos de personas asistieron a la 7\u00aa edici\u00f3n del Festival Internacional de Fotograf\u00eda en Valpara\u00edso, FIFV 2016. \u00a9Victor Ruiz Caballero\" width=\"3000\" height=\"1996\" srcset=\"https:\/\/fifv.cl\/2016\/wp-content\/uploads\/2016\/11\/Exposicion-Central-18-1.jpg 3000w, https:\/\/fifv.cl\/2016\/wp-content\/uploads\/2016\/11\/Exposicion-Central-18-1-300x200.jpg 300w, https:\/\/fifv.cl\/2016\/wp-content\/uploads\/2016\/11\/Exposicion-Central-18-1-768x511.jpg 768w, https:\/\/fifv.cl\/2016\/wp-content\/uploads\/2016\/11\/Exposicion-Central-18-1-1024x681.jpg 1024w, https:\/\/fifv.cl\/2016\/wp-content\/uploads\/2016\/11\/Exposicion-Central-18-1-750x499.jpg 750w\" sizes=\"auto, (max-width: 3000px) 100vw, 3000px\" \/><\/a><figcaption id=\"caption-attachment-5127\" class=\"wp-caption-text\">Cientos de personas asistieron a la 7\u00aa edici\u00f3n del Festival Internacional de Fotograf\u00eda en Valpara\u00edso, FIFV 2016. \u00a9Victor Ruiz Caballero<\/figcaption><\/figure>\n<p><a href=\"http:\/\/fifv.cl\/2016\/wp-content\/uploads\/2016\/11\/Exposicion-Central-10.jpg\"><img loading=\"lazy\" decoding=\"async\" class=\"alignnone wp-image-5128 size-full\" src=\"http:\/\/fifv.cl\/2016\/wp-content\/uploads\/2016\/11\/Exposicion-Central-10.jpg\" alt=\"exposicion-central-10\" width=\"2575\" height=\"1713\" srcset=\"https:\/\/fifv.cl\/2016\/wp-content\/uploads\/2016\/11\/Exposicion-Central-10.jpg 2575w, https:\/\/fifv.cl\/2016\/wp-content\/uploads\/2016\/11\/Exposicion-Central-10-300x200.jpg 300w, https:\/\/fifv.cl\/2016\/wp-content\/uploads\/2016\/11\/Exposicion-Central-10-768x511.jpg 768w, https:\/\/fifv.cl\/2016\/wp-content\/uploads\/2016\/11\/Exposicion-Central-10-1024x681.jpg 1024w, https:\/\/fifv.cl\/2016\/wp-content\/uploads\/2016\/11\/Exposicion-Central-10-750x499.jpg 750w\" sizes=\"auto, (max-width: 2575px) 100vw, 2575px\" \/><\/a><\/p>\n","protected":false},"excerpt":{"rendered":"","protected":false},"author":2,"featured_media":0,"comment_status":"closed","ping_status":"open","sticky":false,"template":"","format":"standard","meta":{"footnotes":""},"categories":[],"tags":[],"class_list":["post-5122","post","type-post","status-publish","format-standard","hentry"],"_links":{"self":[{"href":"https:\/\/fifv.cl\/2016\/wp-json\/wp\/v2\/posts\/5122","targetHints":{"allow":["GET"]}}],"collection":[{"href":"https:\/\/fifv.cl\/2016\/wp-json\/wp\/v2\/posts"}],"about":[{"href":"https:\/\/fifv.cl\/2016\/wp-json\/wp\/v2\/types\/post"}],"author":[{"embeddable":true,"href":"https:\/\/fifv.cl\/2016\/wp-json\/wp\/v2\/users\/2"}],"replies":[{"embeddable":true,"href":"https:\/\/fifv.cl\/2016\/wp-json\/wp\/v2\/comments?post=5122"}],"version-history":[{"count":1,"href":"https:\/\/fifv.cl\/2016\/wp-json\/wp\/v2\/posts\/5122\/revisions"}],"predecessor-version":[{"id":5129,"href":"https:\/\/fifv.cl\/2016\/wp-json\/wp\/v2\/posts\/5122\/revisions\/5129"}],"wp:attachment":[{"href":"https:\/\/fifv.cl\/2016\/wp-json\/wp\/v2\/media?parent=5122"}],"wp:term":[{"taxonomy":"category","embeddable":true,"href":"https:\/\/fifv.cl\/2016\/wp-json\/wp\/v2\/categories?post=5122"},{"taxonomy":"post_tag","embeddable":true,"href":"https:\/\/fifv.cl\/2016\/wp-json\/wp\/v2\/tags?post=5122"}],"curies":[{"name":"wp","href":"https:\/\/api.w.org\/{rel}","templated":true}]}}