{"id":5141,"date":"2016-11-14T11:49:02","date_gmt":"2016-11-14T14:49:02","guid":{"rendered":"http:\/\/fifv.cl\/2016\/?p=5141"},"modified":"2016-11-14T11:49:02","modified_gmt":"2016-11-14T14:49:02","slug":"itala-fotos-entrevista","status":"publish","type":"post","link":"https:\/\/fifv.cl\/2016\/itala-fotos-entrevista\/","title":{"rendered":"Itala Fotos Entrevista"},"content":{"rendered":"<figure id=\"attachment_4488\" aria-describedby=\"caption-attachment-4488\" style=\"width: 1500px\" class=\"wp-caption alignnone\"><a href=\"http:\/\/fifv.cl\/2016\/wp-content\/uploads\/2015\/10\/WorkshopsITALA-SCHMELZ.009.jpg\"><img loading=\"lazy\" decoding=\"async\" class=\"wp-image-4488 size-full\" src=\"http:\/\/fifv.cl\/2016\/wp-content\/uploads\/2015\/10\/WorkshopsITALA-SCHMELZ.009.jpg\" alt=\"Itala  Schemelza trabaja con los fot\u00f3grafos en el workshps, FIFV 2016. \u00a9Victor Ruiz Caballero\" width=\"1500\" height=\"998\" srcset=\"https:\/\/fifv.cl\/2016\/wp-content\/uploads\/2015\/10\/WorkshopsITALA-SCHMELZ.009.jpg 1500w, https:\/\/fifv.cl\/2016\/wp-content\/uploads\/2015\/10\/WorkshopsITALA-SCHMELZ.009-300x200.jpg 300w, https:\/\/fifv.cl\/2016\/wp-content\/uploads\/2015\/10\/WorkshopsITALA-SCHMELZ.009-768x511.jpg 768w, https:\/\/fifv.cl\/2016\/wp-content\/uploads\/2015\/10\/WorkshopsITALA-SCHMELZ.009-1024x681.jpg 1024w, https:\/\/fifv.cl\/2016\/wp-content\/uploads\/2015\/10\/WorkshopsITALA-SCHMELZ.009-750x499.jpg 750w\" sizes=\"auto, (max-width: 1500px) 100vw, 1500px\" \/><\/a><figcaption id=\"caption-attachment-4488\" class=\"wp-caption-text\">Itala Schemelza trabaja con los fot\u00f3grafos en el workshps, FIFV 2016. \u00a9Victor Ruiz Caballero<\/figcaption><\/figure>\n<figure id=\"attachment_4389\" aria-describedby=\"caption-attachment-4389\" style=\"width: 2000px\" class=\"wp-caption alignnone\"><a href=\"http:\/\/fifv.cl\/2016\/wp-content\/uploads\/2015\/10\/DIALOGOS-FOTOGRAFICOS-FIFV021A.jpg\"><img loading=\"lazy\" decoding=\"async\" class=\"wp-image-4389 size-full\" src=\"http:\/\/fifv.cl\/2016\/wp-content\/uploads\/2015\/10\/DIALOGOS-FOTOGRAFICOS-FIFV021A.jpg\" alt=\"Itala Schmelz, curadora mexicana,  participa en D\u00edalogos Fotogr\u00e1ficos en el Restaurant El Internado en el marco de la 7\u00aa edici\u00f3n del Festival Internacional de Fotograf\u00eda en Valpara\u00edso, FIFV 2016. \u00a9V\u00edctor Ruiz Caballero\" width=\"2000\" height=\"1331\" srcset=\"https:\/\/fifv.cl\/2016\/wp-content\/uploads\/2015\/10\/DIALOGOS-FOTOGRAFICOS-FIFV021A.jpg 2000w, https:\/\/fifv.cl\/2016\/wp-content\/uploads\/2015\/10\/DIALOGOS-FOTOGRAFICOS-FIFV021A-300x200.jpg 300w, https:\/\/fifv.cl\/2016\/wp-content\/uploads\/2015\/10\/DIALOGOS-FOTOGRAFICOS-FIFV021A-768x511.jpg 768w, https:\/\/fifv.cl\/2016\/wp-content\/uploads\/2015\/10\/DIALOGOS-FOTOGRAFICOS-FIFV021A-1024x681.jpg 1024w, https:\/\/fifv.cl\/2016\/wp-content\/uploads\/2015\/10\/DIALOGOS-FOTOGRAFICOS-FIFV021A-750x499.jpg 750w\" sizes=\"auto, (max-width: 2000px) 100vw, 2000px\" \/><\/a><figcaption id=\"caption-attachment-4389\" class=\"wp-caption-text\">Itala Schmelz, curadora mexicana, participa en D\u00edalogos Fotogr\u00e1ficos en el Restaurant El Internado en el marco de la 7\u00aa edici\u00f3n del Festival Internacional de Fotograf\u00eda en Valpara\u00edso, FIFV 2016. \u00a9V\u00edctor Ruiz Caballero<\/figcaption><\/figure>\n","protected":false},"excerpt":{"rendered":"","protected":false},"author":2,"featured_media":0,"comment_status":"closed","ping_status":"open","sticky":false,"template":"","format":"standard","meta":{"footnotes":""},"categories":[],"tags":[],"class_list":["post-5141","post","type-post","status-publish","format-standard","hentry"],"_links":{"self":[{"href":"https:\/\/fifv.cl\/2016\/wp-json\/wp\/v2\/posts\/5141","targetHints":{"allow":["GET"]}}],"collection":[{"href":"https:\/\/fifv.cl\/2016\/wp-json\/wp\/v2\/posts"}],"about":[{"href":"https:\/\/fifv.cl\/2016\/wp-json\/wp\/v2\/types\/post"}],"author":[{"embeddable":true,"href":"https:\/\/fifv.cl\/2016\/wp-json\/wp\/v2\/users\/2"}],"replies":[{"embeddable":true,"href":"https:\/\/fifv.cl\/2016\/wp-json\/wp\/v2\/comments?post=5141"}],"version-history":[{"count":1,"href":"https:\/\/fifv.cl\/2016\/wp-json\/wp\/v2\/posts\/5141\/revisions"}],"predecessor-version":[{"id":5142,"href":"https:\/\/fifv.cl\/2016\/wp-json\/wp\/v2\/posts\/5141\/revisions\/5142"}],"wp:attachment":[{"href":"https:\/\/fifv.cl\/2016\/wp-json\/wp\/v2\/media?parent=5141"}],"wp:term":[{"taxonomy":"category","embeddable":true,"href":"https:\/\/fifv.cl\/2016\/wp-json\/wp\/v2\/categories?post=5141"},{"taxonomy":"post_tag","embeddable":true,"href":"https:\/\/fifv.cl\/2016\/wp-json\/wp\/v2\/tags?post=5141"}],"curies":[{"name":"wp","href":"https:\/\/api.w.org\/{rel}","templated":true}]}}