{"id":5145,"date":"2016-11-14T11:52:33","date_gmt":"2016-11-14T14:52:33","guid":{"rendered":"http:\/\/fifv.cl\/2016\/?p=5145"},"modified":"2016-11-14T11:52:33","modified_gmt":"2016-11-14T14:52:33","slug":"fotos-valbuena-entrevista","status":"publish","type":"post","link":"https:\/\/fifv.cl\/2016\/fotos-valbuena-entrevista\/","title":{"rendered":"Fotos Valbuena Entrevista"},"content":{"rendered":"<figure id=\"attachment_5000\" aria-describedby=\"caption-attachment-5000\" style=\"width: 2000px\" class=\"wp-caption alignnone\"><a href=\"http:\/\/fifv.cl\/2016\/wp-content\/uploads\/2015\/10\/MG_7223.jpg\"><img loading=\"lazy\" decoding=\"async\" class=\"wp-image-5000 size-full\" src=\"http:\/\/fifv.cl\/2016\/wp-content\/uploads\/2015\/10\/MG_7223.jpg\" alt=\"El fot\u00f3grafo espa\u00f1ol Juan Valbuena  trabaja en edici\u00f3n en el workshops en FIFV 2016. \u00a9Daniel Villagran\" width=\"2000\" height=\"1334\" srcset=\"https:\/\/fifv.cl\/2016\/wp-content\/uploads\/2015\/10\/MG_7223.jpg 2000w, https:\/\/fifv.cl\/2016\/wp-content\/uploads\/2015\/10\/MG_7223-300x200.jpg 300w, https:\/\/fifv.cl\/2016\/wp-content\/uploads\/2015\/10\/MG_7223-768x512.jpg 768w, https:\/\/fifv.cl\/2016\/wp-content\/uploads\/2015\/10\/MG_7223-1024x683.jpg 1024w, https:\/\/fifv.cl\/2016\/wp-content\/uploads\/2015\/10\/MG_7223-750x500.jpg 750w\" sizes=\"auto, (max-width: 2000px) 100vw, 2000px\" \/><\/a><figcaption id=\"caption-attachment-5000\" class=\"wp-caption-text\">El fot\u00f3grafo espa\u00f1ol Juan Valbuena trabaja en edici\u00f3n en el workshops en FIFV 2016. \u00a9Daniel Villagran<\/figcaption><\/figure>\n<figure id=\"attachment_5092\" aria-describedby=\"caption-attachment-5092\" style=\"width: 1466px\" class=\"wp-caption alignnone\"><a href=\"http:\/\/fifv.cl\/2016\/wp-content\/uploads\/2016\/11\/Workshops-1Nov.013.jpg\"><img loading=\"lazy\" decoding=\"async\" class=\"wp-image-5092 size-full\" src=\"http:\/\/fifv.cl\/2016\/wp-content\/uploads\/2016\/11\/Workshops-1Nov.013.jpg\" alt=\"Juan Valbuena trabaja con los fot\u00f3grafos en el workshops, FIFV 2016. \u00a9Daniel Villagran\" width=\"1466\" height=\"2000\" srcset=\"https:\/\/fifv.cl\/2016\/wp-content\/uploads\/2016\/11\/Workshops-1Nov.013.jpg 1466w, https:\/\/fifv.cl\/2016\/wp-content\/uploads\/2016\/11\/Workshops-1Nov.013-220x300.jpg 220w, https:\/\/fifv.cl\/2016\/wp-content\/uploads\/2016\/11\/Workshops-1Nov.013-768x1048.jpg 768w, https:\/\/fifv.cl\/2016\/wp-content\/uploads\/2016\/11\/Workshops-1Nov.013-751x1024.jpg 751w, https:\/\/fifv.cl\/2016\/wp-content\/uploads\/2016\/11\/Workshops-1Nov.013-750x1023.jpg 750w\" sizes=\"auto, (max-width: 1466px) 100vw, 1466px\" \/><\/a><figcaption id=\"caption-attachment-5092\" class=\"wp-caption-text\">Juan Valbuena trabaja con los fot\u00f3grafos en el workshops, FIFV 2016. \u00a9Daniel Villagran<\/figcaption><\/figure>\n","protected":false},"excerpt":{"rendered":"","protected":false},"author":2,"featured_media":0,"comment_status":"closed","ping_status":"open","sticky":false,"template":"","format":"standard","meta":{"footnotes":""},"categories":[],"tags":[],"class_list":["post-5145","post","type-post","status-publish","format-standard","hentry"],"_links":{"self":[{"href":"https:\/\/fifv.cl\/2016\/wp-json\/wp\/v2\/posts\/5145","targetHints":{"allow":["GET"]}}],"collection":[{"href":"https:\/\/fifv.cl\/2016\/wp-json\/wp\/v2\/posts"}],"about":[{"href":"https:\/\/fifv.cl\/2016\/wp-json\/wp\/v2\/types\/post"}],"author":[{"embeddable":true,"href":"https:\/\/fifv.cl\/2016\/wp-json\/wp\/v2\/users\/2"}],"replies":[{"embeddable":true,"href":"https:\/\/fifv.cl\/2016\/wp-json\/wp\/v2\/comments?post=5145"}],"version-history":[{"count":1,"href":"https:\/\/fifv.cl\/2016\/wp-json\/wp\/v2\/posts\/5145\/revisions"}],"predecessor-version":[{"id":5146,"href":"https:\/\/fifv.cl\/2016\/wp-json\/wp\/v2\/posts\/5145\/revisions\/5146"}],"wp:attachment":[{"href":"https:\/\/fifv.cl\/2016\/wp-json\/wp\/v2\/media?parent=5145"}],"wp:term":[{"taxonomy":"category","embeddable":true,"href":"https:\/\/fifv.cl\/2016\/wp-json\/wp\/v2\/categories?post=5145"},{"taxonomy":"post_tag","embeddable":true,"href":"https:\/\/fifv.cl\/2016\/wp-json\/wp\/v2\/tags?post=5145"}],"curies":[{"name":"wp","href":"https:\/\/api.w.org\/{rel}","templated":true}]}}