{"id":5292,"date":"2016-11-24T17:03:35","date_gmt":"2016-11-24T20:03:35","guid":{"rendered":"http:\/\/fifv.cl\/2016\/?p=5292"},"modified":"2016-11-28T18:33:48","modified_gmt":"2016-11-28T21:33:48","slug":"exposicion-de-las-brigadas-fotograficas-fifv-puso-el-foco-en-el-horizonte-este-ano","status":"publish","type":"post","link":"https:\/\/fifv.cl\/2016\/exposicion-de-las-brigadas-fotograficas-fifv-puso-el-foco-en-el-horizonte-este-ano\/","title":{"rendered":"Brigadas Fotogr\u00e1ficas pusieron el foco en el horizonte este a\u00f1o"},"content":{"rendered":"<p style=\"text-align: justify;\">Las Brigadas Fotogr\u00e1ficas partieron siendo colectivos \u00a0independientes, que participaban \u00a0del FIFV por medio de intervenciones en los espacios p\u00fablicos, pegando sus fotograf\u00edas en distintos lugares de Valpara\u00edso.\u00a0Desde las primeras ediciones del Festival, hasta esta \u00faltima versi\u00f3n, la modalidad de trabajo de las Brigadas ha cambiado y tambi\u00e9n la forma de exponer, procurando no contaminar los muros de la ciudad y adecu\u00e1ndose a los est\u00e1ndares de montaje de las dem\u00e1s exposiciones del FIFV.<!--more--><\/p>\n<p style=\"text-align: justify;\">Este 2016, la relaci\u00f3n entre el FIFV y los brigadistas se afianz\u00f3. Miguel \u00c1ngel Larrea, director de las Brigadas y Romina Resuche, editora, tomaron las riendas de este proyecto y guiaron a los grupos en torno al material presentado, para llegar a una propuesta conjunta, que culmin\u00f3 en la exposici\u00f3n de la plaza Victoria. \u201cCon el paso de los a\u00f1os nos dimos cuenta de la importancia de las Brigadas en lo que se refiere a la relaci\u00f3n del FIFV con la ciudad, sus habitantes y sus problem\u00e1ticas. Creemos que esta combinaci\u00f3n fue exitosa y si bien no ha sido algo planificado, vamos a seguir profundizando y mejorando este camino\u201d, se\u00f1al\u00f3 Miguel \u00c1ngel Larrea al respecto.<\/p>\n<p style=\"text-align: justify;\">La exposici\u00f3n toc\u00f3 un tema complejo: el horizonte. Se tom\u00f3 en cuenta la problem\u00e1tica actual de las nuevas construcciones \u00a0y los resguardos del borde costero que impiden el acceso al mar, adem\u00e1s de la posibilidad futura de que ciertas zonas de Valpara\u00edso sean un espacio de carga y descarga de buques.\u00a0Las Brigadas fotografiaron el borde costero, las calles del plan, los cerros, Avenida Alemania, la zona de reserva de containers y la vida cotidiana de los\u00a0habitantes de la ciudad y su relaci\u00f3n con el horizonte.<\/p>\n<p style=\"text-align: justify;\">Romina Resuche coment\u00f3 que cada a\u00f1o el proyecto tiene caracter\u00edsticas distintas de abordaje del territorio y con diversos actores. \u201cAlgo que evoluciona es el trabajo en equipo, tomando en cuenta falencias o buenos resultados del a\u00f1o anterior. Se les plante\u00f3\u00a0a las Brigadas analizar cada d\u00eda, editar d\u00eda a d\u00eda lo que iban obteniendo y as\u00ed encontrar puntos comunes y diferencias que les permitieran mantener su l\u00ednea autoral, respondiendo al concepto general y trabajando como colectivo, a partir de una misi\u00f3n encargada y de un proceso compartido\u201d, explic\u00f3 la editora de las Brigadas Fotogr\u00e1ficas, a\u00f1adiendo que \u201cdisfrutamos mucho de cada paso y fue maravilloso lo que ocurri\u00f3, tanto en el trabajo de cada Brigada, como en el del grupo entero.\u00a0Esta misi\u00f3n \u00a0deriv\u00f3 en una muestra de gran impacto y a mi parecer muy bella, bastante conceptual adem\u00e1s de comprometida con la causa, y que la gente del puerto agradeci\u00f3 mucho\u201d.<\/p>\n","protected":false},"excerpt":{"rendered":"<p>Las Brigadas Fotogr\u00e1ficas partieron siendo colectivos \u00a0independientes, que participaban \u00a0del FIFV por medio de intervenciones en los espacios p\u00fablicos, pegando sus fotograf\u00edas en distintos lugares de Valpara\u00edso.\u00a0Desde las primeras ediciones [&hellip;]<\/p>\n","protected":false},"author":2,"featured_media":4969,"comment_status":"closed","ping_status":"open","sticky":false,"template":"","format":"standard","meta":{"footnotes":""},"categories":[10],"tags":[],"class_list":["post-5292","post","type-post","status-publish","format-standard","has-post-thumbnail","hentry","category-noticias"],"_links":{"self":[{"href":"https:\/\/fifv.cl\/2016\/wp-json\/wp\/v2\/posts\/5292","targetHints":{"allow":["GET"]}}],"collection":[{"href":"https:\/\/fifv.cl\/2016\/wp-json\/wp\/v2\/posts"}],"about":[{"href":"https:\/\/fifv.cl\/2016\/wp-json\/wp\/v2\/types\/post"}],"author":[{"embeddable":true,"href":"https:\/\/fifv.cl\/2016\/wp-json\/wp\/v2\/users\/2"}],"replies":[{"embeddable":true,"href":"https:\/\/fifv.cl\/2016\/wp-json\/wp\/v2\/comments?post=5292"}],"version-history":[{"count":3,"href":"https:\/\/fifv.cl\/2016\/wp-json\/wp\/v2\/posts\/5292\/revisions"}],"predecessor-version":[{"id":5295,"href":"https:\/\/fifv.cl\/2016\/wp-json\/wp\/v2\/posts\/5292\/revisions\/5295"}],"wp:featuredmedia":[{"embeddable":true,"href":"https:\/\/fifv.cl\/2016\/wp-json\/wp\/v2\/media\/4969"}],"wp:attachment":[{"href":"https:\/\/fifv.cl\/2016\/wp-json\/wp\/v2\/media?parent=5292"}],"wp:term":[{"taxonomy":"category","embeddable":true,"href":"https:\/\/fifv.cl\/2016\/wp-json\/wp\/v2\/categories?post=5292"},{"taxonomy":"post_tag","embeddable":true,"href":"https:\/\/fifv.cl\/2016\/wp-json\/wp\/v2\/tags?post=5292"}],"curies":[{"name":"wp","href":"https:\/\/api.w.org\/{rel}","templated":true}]}}