{"id":762,"date":"2015-10-23T11:59:13","date_gmt":"2015-10-23T14:59:13","guid":{"rendered":"http:\/\/www.fifv.cl\/2015-final\/?p=762"},"modified":"2015-11-03T11:01:05","modified_gmt":"2015-11-03T14:01:05","slug":"programa-del-dia","status":"publish","type":"post","link":"https:\/\/fifv.cl\/2016\/programa-del-dia\/","title":{"rendered":"Programa Lunes 02 de Noviembre"},"content":{"rendered":"<p>Este Lunes\u00a0siguen las exposiciones y lanzamientos del FIFV 2015. Durante la ma\u00f1ana, habr\u00e1 visitas guiadas a las muestras \u00abResidencia en Valpara\u00edso\u00bb de Alberto Garc\u00eca-Alix, Muestra de Fotolibros Latinoamericanos, Muestra de Afiches no publicados 2010-2015 y Residencia FIFV en el Festival IMAGESINGULI\u00c8RES \u2013 S\u00c8TE#16. En la tarde, las actividades se transladan a La Pan Galer\u00eda. Todas actividades son gratuitas.<\/p>\n<p>Lugar:\u00a0<strong>PARQUE CULTURAL DE VALPARA\u00cdSO<\/strong><\/p>\n<p><strong>11.00 \u2013 12.30 \u2013 VISITA GUIADA DE LAS EXPOSICIONES.<\/strong><\/p>\n<p>Residencia en Valpara\u00edso de Alberto Garc\u00eda Alix \/ Residencia FIFV en ImageSinguli\u00e8res (S\u00e8te, Francia) \/ Muestra de Fotolibros Latinoamericanos \/ Afiches FIFV 2010-2015 \/ Laboratorio Editorial FIFV.<\/p>\n<p>Lugar:\u00a0<strong>LA PAN GALER\u00cdA<\/strong><\/p>\n<p><strong>19.00 \u2013 INAUGURACI\u00d3N EXPOSICI\u00d3N FOTOGR\u00c1FICA COLECTIVA Y LANZAMIENTO DOM\u00c9STICA 2<\/strong><em>, <\/em>realizada por CED (Circuito de Espacios Dom\u00e9sticos).\u2028<em>Espacios participantes: Ancora, La Pan, G\u00e1lvez, Worm y Nekoe.<\/em><\/p>\n","protected":false},"excerpt":{"rendered":"<p>Este Lunes\u00a0siguen las exposiciones y lanzamientos del FIFV 2015. Durante la ma\u00f1ana, habr\u00e1 visitas guiadas a las muestras \u00abResidencia en Valpara\u00edso\u00bb de Alberto Garc\u00eca-Alix, Muestra de Fotolibros Latinoamericanos, Muestra de [&hellip;]<\/p>\n","protected":false},"author":2,"featured_media":1218,"comment_status":"closed","ping_status":"open","sticky":false,"template":"","format":"link","meta":{"footnotes":""},"categories":[],"tags":[],"class_list":["post-762","post","type-post","status-publish","format-link","has-post-thumbnail","hentry","post_format-post-format-link"],"_links":{"self":[{"href":"https:\/\/fifv.cl\/2016\/wp-json\/wp\/v2\/posts\/762","targetHints":{"allow":["GET"]}}],"collection":[{"href":"https:\/\/fifv.cl\/2016\/wp-json\/wp\/v2\/posts"}],"about":[{"href":"https:\/\/fifv.cl\/2016\/wp-json\/wp\/v2\/types\/post"}],"author":[{"embeddable":true,"href":"https:\/\/fifv.cl\/2016\/wp-json\/wp\/v2\/users\/2"}],"replies":[{"embeddable":true,"href":"https:\/\/fifv.cl\/2016\/wp-json\/wp\/v2\/comments?post=762"}],"version-history":[{"count":14,"href":"https:\/\/fifv.cl\/2016\/wp-json\/wp\/v2\/posts\/762\/revisions"}],"predecessor-version":[{"id":1527,"href":"https:\/\/fifv.cl\/2016\/wp-json\/wp\/v2\/posts\/762\/revisions\/1527"}],"wp:featuredmedia":[{"embeddable":true,"href":"https:\/\/fifv.cl\/2016\/wp-json\/wp\/v2\/media\/1218"}],"wp:attachment":[{"href":"https:\/\/fifv.cl\/2016\/wp-json\/wp\/v2\/media?parent=762"}],"wp:term":[{"taxonomy":"category","embeddable":true,"href":"https:\/\/fifv.cl\/2016\/wp-json\/wp\/v2\/categories?post=762"},{"taxonomy":"post_tag","embeddable":true,"href":"https:\/\/fifv.cl\/2016\/wp-json\/wp\/v2\/tags?post=762"}],"curies":[{"name":"wp","href":"https:\/\/api.w.org\/{rel}","templated":true}]}}