{"id":779,"date":"2015-10-20T09:50:16","date_gmt":"2015-10-20T12:50:16","guid":{"rendered":"http:\/\/www.fifv.cl\/2015-final\/?p=779"},"modified":"2016-11-16T17:59:41","modified_gmt":"2016-11-16T20:59:41","slug":"exposicion-brigadas","status":"publish","type":"post","link":"https:\/\/fifv.cl\/2016\/exposicion-brigadas\/","title":{"rendered":"\u00abHorizonte\u00bb Brigadas Fotogr\u00e1ficas"},"content":{"rendered":"<p><strong>Inauguraci\u00f3n: 5 de noviembre\u00a0a las 12:00\u00a0horas.<\/strong><br \/>\n<strong>Plaza Victoria, Valpara\u00edso.<\/strong><br \/>\n<strong>Abierto al p\u00fablico desde el 5 de noviembre\u00a0al 27\u00a0de noviembre.<\/strong><\/p>\n<p>Al igual que a\u00f1os anteriores, el resultado del trabajo que realicen durante la primera semana del Festival las Brigadas Fotogr\u00e1ficas ser\u00e1 expuesto en el espacio p\u00fablico de la Plaza Victoria.<\/p>\n<p>Las brigadas seleccionadas trabajar\u00e1n en torno a la tem\u00e1tica del \u201chorizonte\u201d, tema pertinente debido a la preocupaci\u00f3n de los habitantes de Valpara\u00edso tienen\u00a0 de la posibilidad latente de perder el horizonte debido a la ampliaci\u00f3n del puerto. Este 2016 invitamos a los fot\u00f3grafos a pensar qu\u00e9 significa para ellos el horizonte en t\u00e9rminos po\u00e9ticos, pol\u00edticos y art\u00edsticos, para crear una propuesta fotogr\u00e1fica atractiva y que plantee preguntas a los espectadores.<\/p>\n<p><a class=\"more-link\" href=\"http:\/\/fifv.cl\/2016\/horizontes-brigadas-fotograficas-galeria\/\">Ver Galer\u00eda<\/a><\/p>\n","protected":false},"excerpt":{"rendered":"<p>Inauguraci\u00f3n: 5 de noviembre a las 12:00 horas.<br \/>\nPlaza Victoria, Valpara\u00edso.<br \/>\nAbierto al p\u00fablico desde el 5 de noviembre al 30 de noviembre.<\/p>\n<p>Al igual que a\u00f1os anteriores, el resultado del trabajo que realicen durante la primera semana del Festival las Brigadas Fotogr\u00e1ficas ser\u00e1 expuesto en el espacio p\u00fablico de la Plaza Victoria.<\/p>\n","protected":false},"author":2,"featured_media":4573,"comment_status":"closed","ping_status":"open","sticky":false,"template":"","format":"standard","meta":{"footnotes":""},"categories":[3],"tags":[],"class_list":["post-779","post","type-post","status-publish","format-standard","has-post-thumbnail","hentry","category-expo-adicionales"],"_links":{"self":[{"href":"https:\/\/fifv.cl\/2016\/wp-json\/wp\/v2\/posts\/779","targetHints":{"allow":["GET"]}}],"collection":[{"href":"https:\/\/fifv.cl\/2016\/wp-json\/wp\/v2\/posts"}],"about":[{"href":"https:\/\/fifv.cl\/2016\/wp-json\/wp\/v2\/types\/post"}],"author":[{"embeddable":true,"href":"https:\/\/fifv.cl\/2016\/wp-json\/wp\/v2\/users\/2"}],"replies":[{"embeddable":true,"href":"https:\/\/fifv.cl\/2016\/wp-json\/wp\/v2\/comments?post=779"}],"version-history":[{"count":25,"href":"https:\/\/fifv.cl\/2016\/wp-json\/wp\/v2\/posts\/779\/revisions"}],"predecessor-version":[{"id":5194,"href":"https:\/\/fifv.cl\/2016\/wp-json\/wp\/v2\/posts\/779\/revisions\/5194"}],"wp:featuredmedia":[{"embeddable":true,"href":"https:\/\/fifv.cl\/2016\/wp-json\/wp\/v2\/media\/4573"}],"wp:attachment":[{"href":"https:\/\/fifv.cl\/2016\/wp-json\/wp\/v2\/media?parent=779"}],"wp:term":[{"taxonomy":"category","embeddable":true,"href":"https:\/\/fifv.cl\/2016\/wp-json\/wp\/v2\/categories?post=779"},{"taxonomy":"post_tag","embeddable":true,"href":"https:\/\/fifv.cl\/2016\/wp-json\/wp\/v2\/tags?post=779"}],"curies":[{"name":"wp","href":"https:\/\/api.w.org\/{rel}","templated":true}]}}