{"id":926,"date":"2015-10-27T19:33:21","date_gmt":"2015-10-27T22:33:21","guid":{"rendered":"http:\/\/www.fifv.cl\/2015\/?p=926"},"modified":"2016-11-16T18:47:58","modified_gmt":"2016-11-16T21:47:58","slug":"france-vue-d-ici","status":"publish","type":"post","link":"https:\/\/fifv.cl\/2016\/france-vue-d-ici\/","title":{"rendered":"La France Vue d\u00b4Ici"},"content":{"rendered":"<p><strong>Inauguraci\u00f3n: 31 de octubre a las 16:00 horas.<br \/>\n<\/strong><strong>Muelle Prat, Valpara\u00edso<br \/>\n<\/strong><\/p>\n<p>La organizaci\u00f3n del\u00a0 <strong>FIFV<\/strong> oficializ\u00f3 el a\u00f1o pasado un acuerdo de colaboraci\u00f3n con el certamen\u00a0franc\u00e9s<strong> \u201c<\/strong><strong>Images Singuli\u00e8res\u201d<\/strong>\u00a0de S\u00e8te, una de las plataformas claves de la fotograf\u00eda contempor\u00e1nea. Dentro de este convenio, el festival europeo presentar\u00e1 en Valpara\u00edso su proyecto \u201cLa France Vue d\u00b4Ici\u201d (\u00abFrancia vista desde aqu\u00ed\u00bb).<\/p>\n<p style=\"text-align: justify;\">Este proyecto apoyado por ImageSinguli\u00e8res y Mediapart responde a una necesidad de inter\u00e9s general por mostrar la sociedad francesa de hoy. M\u00e1s de 50 j\u00f3venes fot\u00f3grafos forman parte de este proyecto art\u00edstico de transmisi\u00f3n e intercambio, que desde el a\u00f1o 2014 se han dedicado a crear un corpus fotogr\u00e1fico sobre los hombres y las mujeres franceses. Experiencia cultural colectiva y testimonio perenne, este proyecto constituye sobre todo un trabajo de memoria y de reflexi\u00f3n sobre la Francia actual y se define como una experiencia democr\u00e1tica contributiva, art\u00edstica y ciudadana.<\/p>\n<p style=\"text-align: justify;\">Esta muestra fotogr\u00e1fica abarca distintas tem\u00e1ticas, que van desde el mundo obrero a la burgues\u00eda. La instalaci\u00f3n ser\u00e1 en el Muelle Prat, el \u00fanico lugar de acceso p\u00fablico donde se puede observar de d\u00eda y de noche la actividad de los grandes barcos y las gr\u00faas de carga. Dentro de dos m\u00f3dulos facilitados por el Festival Teatro Container, los visitantes podr\u00e1n ingresar y ver esta proyecci\u00f3n de im\u00e1genes, una experiencia sensorial \u00fanica en el espacio p\u00fablico del puerto.<\/p>\n<p style=\"text-align: justify;\"><a class=\"more-link\" href=\"http:\/\/fifv.cl\/2016\/la-france-vue-dici-galeria\/\">Ver Galer\u00eda<\/a><\/p>\n","protected":false},"excerpt":{"rendered":"<p>Inauguraci\u00f3n: 31 de octubre a las 16:00 horas.<br \/>\nMuelle Prat, Valpara\u00edso<br \/>\nAbierto al p\u00fablico desde el 31 de octubre al 30 de noviembre.<\/p>\n<p>La organizaci\u00f3n del  FIFV oficializ\u00f3 el a\u00f1o pasado un acuerdo de colaboraci\u00f3n con el certamen franc\u00e9s \u201cImages Singuli\u00e8res\u201d de S\u00e8te, una de las plataformas claves de la fotograf\u00eda contempor\u00e1nea. Dentro de este convenio, el festival europeo presentar\u00e1 en Valpara\u00edso su proyecto \u201cFrance Vue d\u00b4Ici\u201d (\u00abFrancia vista desde aqu\u00ed\u00bb).<\/p>\n","protected":false},"author":2,"featured_media":4439,"comment_status":"closed","ping_status":"open","sticky":false,"template":"","format":"standard","meta":{"footnotes":""},"categories":[3],"tags":[],"class_list":["post-926","post","type-post","status-publish","format-standard","has-post-thumbnail","hentry","category-expo-adicionales"],"_links":{"self":[{"href":"https:\/\/fifv.cl\/2016\/wp-json\/wp\/v2\/posts\/926","targetHints":{"allow":["GET"]}}],"collection":[{"href":"https:\/\/fifv.cl\/2016\/wp-json\/wp\/v2\/posts"}],"about":[{"href":"https:\/\/fifv.cl\/2016\/wp-json\/wp\/v2\/types\/post"}],"author":[{"embeddable":true,"href":"https:\/\/fifv.cl\/2016\/wp-json\/wp\/v2\/users\/2"}],"replies":[{"embeddable":true,"href":"https:\/\/fifv.cl\/2016\/wp-json\/wp\/v2\/comments?post=926"}],"version-history":[{"count":20,"href":"https:\/\/fifv.cl\/2016\/wp-json\/wp\/v2\/posts\/926\/revisions"}],"predecessor-version":[{"id":5225,"href":"https:\/\/fifv.cl\/2016\/wp-json\/wp\/v2\/posts\/926\/revisions\/5225"}],"wp:featuredmedia":[{"embeddable":true,"href":"https:\/\/fifv.cl\/2016\/wp-json\/wp\/v2\/media\/4439"}],"wp:attachment":[{"href":"https:\/\/fifv.cl\/2016\/wp-json\/wp\/v2\/media?parent=926"}],"wp:term":[{"taxonomy":"category","embeddable":true,"href":"https:\/\/fifv.cl\/2016\/wp-json\/wp\/v2\/categories?post=926"},{"taxonomy":"post_tag","embeddable":true,"href":"https:\/\/fifv.cl\/2016\/wp-json\/wp\/v2\/tags?post=926"}],"curies":[{"name":"wp","href":"https:\/\/api.w.org\/{rel}","templated":true}]}}