{"id":990,"date":"2015-10-22T10:14:29","date_gmt":"2015-10-22T13:14:29","guid":{"rendered":"http:\/\/www.fifv.cl\/2015\/?p=990"},"modified":"2016-10-12T14:18:53","modified_gmt":"2016-10-12T17:18:53","slug":"jorgewittwer","status":"publish","type":"post","link":"https:\/\/fifv.cl\/2016\/jorgewittwer\/","title":{"rendered":"Jorge Wittwer"},"content":{"rendered":"<p><span style=\"font-weight: 400;\">Artista chileno residente en Antofagasta, dedicado a las instalaciones art\u00edsticas, vestuario y escenograf\u00edas. Ha expuesto en Espa\u00f1a, Argentina y Chile. Su obra reflexiona sobre temas personales y sociales, como los inmigrantes, la historia local, la guerra del pacifico y las salitreras. Tambi\u00e9n es el director regional de Balmaceda Arte Joven Antofagasta. <\/span><\/p>\n<p>&nbsp;<\/p>\n","protected":false},"excerpt":{"rendered":"<p>Artista chileno residente en Antofagasta, dedicado a las instalaciones art\u00edsticas, vestuario y escenograf\u00edas. Ha expuesto en Espa\u00f1a, Argentina y Chile. Su obra reflexiona sobre temas personales y sociales, como los [&hellip;]<\/p>\n","protected":false},"author":2,"featured_media":2567,"comment_status":"closed","ping_status":"open","sticky":false,"template":"","format":"standard","meta":{"footnotes":""},"categories":[17],"tags":[],"class_list":["post-990","post","type-post","status-publish","format-standard","has-post-thumbnail","hentry","category-invitados-adicionales"],"_links":{"self":[{"href":"https:\/\/fifv.cl\/2016\/wp-json\/wp\/v2\/posts\/990","targetHints":{"allow":["GET"]}}],"collection":[{"href":"https:\/\/fifv.cl\/2016\/wp-json\/wp\/v2\/posts"}],"about":[{"href":"https:\/\/fifv.cl\/2016\/wp-json\/wp\/v2\/types\/post"}],"author":[{"embeddable":true,"href":"https:\/\/fifv.cl\/2016\/wp-json\/wp\/v2\/users\/2"}],"replies":[{"embeddable":true,"href":"https:\/\/fifv.cl\/2016\/wp-json\/wp\/v2\/comments?post=990"}],"version-history":[{"count":4,"href":"https:\/\/fifv.cl\/2016\/wp-json\/wp\/v2\/posts\/990\/revisions"}],"predecessor-version":[{"id":2430,"href":"https:\/\/fifv.cl\/2016\/wp-json\/wp\/v2\/posts\/990\/revisions\/2430"}],"wp:featuredmedia":[{"embeddable":true,"href":"https:\/\/fifv.cl\/2016\/wp-json\/wp\/v2\/media\/2567"}],"wp:attachment":[{"href":"https:\/\/fifv.cl\/2016\/wp-json\/wp\/v2\/media?parent=990"}],"wp:term":[{"taxonomy":"category","embeddable":true,"href":"https:\/\/fifv.cl\/2016\/wp-json\/wp\/v2\/categories?post=990"},{"taxonomy":"post_tag","embeddable":true,"href":"https:\/\/fifv.cl\/2016\/wp-json\/wp\/v2\/tags?post=990"}],"curies":[{"name":"wp","href":"https:\/\/api.w.org\/{rel}","templated":true}]}}