{"id":2078,"date":"2025-05-08T16:57:35","date_gmt":"2025-05-08T20:57:35","guid":{"rendered":"https:\/\/fifv.cl\/2024\/?p=2078"},"modified":"2025-05-26T14:19:07","modified_gmt":"2025-05-26T18:19:07","slug":"fifv-2024-cuando-una-fotografia-pierde-la-memoria","status":"publish","type":"post","link":"https:\/\/fifv.cl\/2024\/bitacora\/fifv-2024-cuando-una-fotografia-pierde-la-memoria\/","title":{"rendered":"FIFV 2024 \u00bfCu\u00e1ndo una fotograf\u00eda pierde la memoria?"},"content":{"rendered":"\n<p>Celebramos los 15 a\u00f1os del Festival Internacional de Fotograf\u00eda de Valpara\u00edso con una edici\u00f3n que recorri\u00f3 los cerros y el plan de la ciudad. Nueve d\u00edas de creaci\u00f3n, encuentros, emociones y reflexiones junto a cientos de fot\u00f3grafos y fot\u00f3grafas que llegaron al puerto desde distintos rincones del mundo. Revivimos la experiencia con este video resumen que te invitamos a revisar. <\/p>\n\n\n\n<figure class=\"wp-block-embed is-type-video is-provider-youtube wp-block-embed-youtube wp-embed-aspect-16-9 wp-has-aspect-ratio\"><div class=\"wp-block-embed__wrapper\">\n<iframe title=\"FIFV 2024 \u00bfCu\u00e1ndo una fotograf\u00eda pierde la memoria?\" width=\"800\" height=\"450\" src=\"https:\/\/www.youtube.com\/embed\/ay1f-YcCzaQ?feature=oembed\" frameborder=\"0\" allow=\"accelerometer; autoplay; clipboard-write; encrypted-media; gyroscope; picture-in-picture; web-share\" referrerpolicy=\"strict-origin-when-cross-origin\" allowfullscreen><\/iframe>\n<\/div><\/figure>\n","protected":false},"excerpt":{"rendered":"<p>Celebramos los 15 a\u00f1os del Festival Internacional de Fotograf\u00eda de Valpara\u00edso con una edici\u00f3n que recorri\u00f3 los cerros y el plan de la ciudad. Nueve d\u00edas de creaci\u00f3n, encuentros, emociones y reflexiones junto a cientos de fot\u00f3grafos y fot\u00f3grafas que llegaron al puerto desde distintos rincones del mundo. Revivimos la experiencia con este video resumen [&hellip;]<\/p>\n","protected":false},"author":3,"featured_media":0,"comment_status":"open","ping_status":"open","sticky":false,"template":"","format":"standard","meta":{"footnotes":""},"categories":[1],"tags":[],"class_list":["post-2078","post","type-post","status-publish","format-standard","hentry","category-fifv2024"],"yoast_head":"<!-- This site is optimized with the Yoast SEO plugin v27.5 - https:\/\/yoast.com\/product\/yoast-seo-wordpress\/ -->\n<title>FIFV 2024 \u00bfCu\u00e1ndo una fotograf\u00eda pierde la memoria? &#8212; FIFV 2024<\/title>\n<meta name=\"robots\" content=\"index, follow, max-snippet:-1, max-image-preview:large, max-video-preview:-1\" \/>\n<link rel=\"canonical\" href=\"https:\/\/fifv.cl\/2024\/bitacora\/fifv-2024-cuando-una-fotografia-pierde-la-memoria\/\" \/>\n<meta property=\"og:locale\" content=\"es_ES\" \/>\n<meta property=\"og:type\" content=\"article\" \/>\n<meta property=\"og:title\" content=\"FIFV 2024 \u00bfCu\u00e1ndo una fotograf\u00eda pierde la memoria? &#8212; FIFV 2024\" \/>\n<meta property=\"og:description\" content=\"Celebramos los 15 a\u00f1os del Festival Internacional de Fotograf\u00eda de Valpara\u00edso con una edici\u00f3n que recorri\u00f3 los cerros y el plan de la ciudad. Nueve d\u00edas de creaci\u00f3n, encuentros, emociones y reflexiones junto a cientos de fot\u00f3grafos y fot\u00f3grafas que llegaron al puerto desde distintos rincones del mundo. Revivimos la experiencia con este video resumen [&hellip;]\" \/>\n<meta property=\"og:url\" content=\"https:\/\/fifv.cl\/2024\/bitacora\/fifv-2024-cuando-una-fotografia-pierde-la-memoria\/\" \/>\n<meta property=\"og:site_name\" content=\"FIFV 2024\" \/>\n<meta property=\"article:published_time\" content=\"2025-05-08T20:57:35+00:00\" \/>\n<meta property=\"article:modified_time\" content=\"2025-05-26T18:19:07+00:00\" \/>\n<meta property=\"og:image\" content=\"https:\/\/fifv.cl\/2024\/wp-content\/uploads\/2024\/10\/FIFV-1-7-scaled.jpg\" \/>\n\t<meta property=\"og:image:width\" content=\"2560\" \/>\n\t<meta property=\"og:image:height\" content=\"1709\" \/>\n\t<meta property=\"og:image:type\" content=\"image\/jpeg\" \/>\n<meta name=\"author\" content=\"joel@fifv.cl\" \/>\n<meta name=\"twitter:card\" content=\"summary_large_image\" \/>\n<meta name=\"twitter:label1\" content=\"Escrito por\" \/>\n\t<meta name=\"twitter:data1\" content=\"joel@fifv.cl\" \/>\n\t<meta name=\"twitter:label2\" content=\"Tiempo de lectura\" \/>\n\t<meta name=\"twitter:data2\" content=\"1 minuto\" \/>\n<script type=\"application\/ld+json\" class=\"yoast-schema-graph\">{\"@context\":\"https:\\\/\\\/schema.org\",\"@graph\":[{\"@type\":\"Article\",\"@id\":\"https:\\\/\\\/fifv.cl\\\/2024\\\/bitacora\\\/fifv-2024-cuando-una-fotografia-pierde-la-memoria\\\/#article\",\"isPartOf\":{\"@id\":\"https:\\\/\\\/fifv.cl\\\/2024\\\/bitacora\\\/fifv-2024-cuando-una-fotografia-pierde-la-memoria\\\/\"},\"author\":{\"name\":\"joel@fifv.cl\",\"@id\":\"https:\\\/\\\/fifv.cl\\\/2024\\\/#\\\/schema\\\/person\\\/c9280a69b1b3d0c716a483aa280dfd0b\"},\"headline\":\"FIFV 2024 \u00bfCu\u00e1ndo una fotograf\u00eda pierde la memoria?\",\"datePublished\":\"2025-05-08T20:57:35+00:00\",\"dateModified\":\"2025-05-26T18:19:07+00:00\",\"mainEntityOfPage\":{\"@id\":\"https:\\\/\\\/fifv.cl\\\/2024\\\/bitacora\\\/fifv-2024-cuando-una-fotografia-pierde-la-memoria\\\/\"},\"wordCount\":84,\"commentCount\":0,\"publisher\":{\"@id\":\"https:\\\/\\\/fifv.cl\\\/2024\\\/#organization\"},\"articleSection\":[\"FIFV2024\"],\"inLanguage\":\"es\",\"potentialAction\":[{\"@type\":\"CommentAction\",\"name\":\"Comment\",\"target\":[\"https:\\\/\\\/fifv.cl\\\/2024\\\/bitacora\\\/fifv-2024-cuando-una-fotografia-pierde-la-memoria\\\/#respond\"]}]},{\"@type\":\"WebPage\",\"@id\":\"https:\\\/\\\/fifv.cl\\\/2024\\\/bitacora\\\/fifv-2024-cuando-una-fotografia-pierde-la-memoria\\\/\",\"url\":\"https:\\\/\\\/fifv.cl\\\/2024\\\/bitacora\\\/fifv-2024-cuando-una-fotografia-pierde-la-memoria\\\/\",\"name\":\"FIFV 2024 \u00bfCu\u00e1ndo una fotograf\u00eda pierde la memoria? &#8212; FIFV 2024\",\"isPartOf\":{\"@id\":\"https:\\\/\\\/fifv.cl\\\/2024\\\/#website\"},\"datePublished\":\"2025-05-08T20:57:35+00:00\",\"dateModified\":\"2025-05-26T18:19:07+00:00\",\"breadcrumb\":{\"@id\":\"https:\\\/\\\/fifv.cl\\\/2024\\\/bitacora\\\/fifv-2024-cuando-una-fotografia-pierde-la-memoria\\\/#breadcrumb\"},\"inLanguage\":\"es\",\"potentialAction\":[{\"@type\":\"ReadAction\",\"target\":[\"https:\\\/\\\/fifv.cl\\\/2024\\\/bitacora\\\/fifv-2024-cuando-una-fotografia-pierde-la-memoria\\\/\"]}]},{\"@type\":\"BreadcrumbList\",\"@id\":\"https:\\\/\\\/fifv.cl\\\/2024\\\/bitacora\\\/fifv-2024-cuando-una-fotografia-pierde-la-memoria\\\/#breadcrumb\",\"itemListElement\":[{\"@type\":\"ListItem\",\"position\":1,\"name\":\"Portada\",\"item\":\"https:\\\/\\\/fifv.cl\\\/2024\\\/\"},{\"@type\":\"ListItem\",\"position\":2,\"name\":\"FIFV 2024 \u00bfCu\u00e1ndo una fotograf\u00eda pierde la memoria?\"}]},{\"@type\":\"WebSite\",\"@id\":\"https:\\\/\\\/fifv.cl\\\/2024\\\/#website\",\"url\":\"https:\\\/\\\/fifv.cl\\\/2024\\\/\",\"name\":\"FIFV 2024\",\"description\":\"Festival Internacional de Fotograf\u00eda en Valpara\u00edso\",\"publisher\":{\"@id\":\"https:\\\/\\\/fifv.cl\\\/2024\\\/#organization\"},\"alternateName\":\"FIFV\",\"potentialAction\":[{\"@type\":\"SearchAction\",\"target\":{\"@type\":\"EntryPoint\",\"urlTemplate\":\"https:\\\/\\\/fifv.cl\\\/2024\\\/?s={search_term_string}\"},\"query-input\":{\"@type\":\"PropertyValueSpecification\",\"valueRequired\":true,\"valueName\":\"search_term_string\"}}],\"inLanguage\":\"es\"},{\"@type\":\"Organization\",\"@id\":\"https:\\\/\\\/fifv.cl\\\/2024\\\/#organization\",\"name\":\"Festival Internacional de Fotograf\u00eda en Valpara\u00edso\",\"alternateName\":\"FIFV\",\"url\":\"https:\\\/\\\/fifv.cl\\\/2024\\\/\",\"logo\":{\"@type\":\"ImageObject\",\"inLanguage\":\"es\",\"@id\":\"https:\\\/\\\/fifv.cl\\\/2024\\\/#\\\/schema\\\/logo\\\/image\\\/\",\"url\":\"https:\\\/\\\/fifv.cl\\\/2024\\\/wp-content\\\/uploads\\\/2024\\\/08\\\/02-fifv.png\",\"contentUrl\":\"https:\\\/\\\/fifv.cl\\\/2024\\\/wp-content\\\/uploads\\\/2024\\\/08\\\/02-fifv.png\",\"width\":227,\"height\":183,\"caption\":\"Festival Internacional de Fotograf\u00eda en Valpara\u00edso\"},\"image\":{\"@id\":\"https:\\\/\\\/fifv.cl\\\/2024\\\/#\\\/schema\\\/logo\\\/image\\\/\"}},{\"@type\":\"Person\",\"@id\":\"https:\\\/\\\/fifv.cl\\\/2024\\\/#\\\/schema\\\/person\\\/c9280a69b1b3d0c716a483aa280dfd0b\",\"name\":\"joel@fifv.cl\",\"image\":{\"@type\":\"ImageObject\",\"inLanguage\":\"es\",\"@id\":\"https:\\\/\\\/secure.gravatar.com\\\/avatar\\\/15207fc83f15b464b24a0f9f9bd8effb2b4e5159777757096e51859242becd38?s=96&d=mm&r=g\",\"url\":\"https:\\\/\\\/secure.gravatar.com\\\/avatar\\\/15207fc83f15b464b24a0f9f9bd8effb2b4e5159777757096e51859242becd38?s=96&d=mm&r=g\",\"contentUrl\":\"https:\\\/\\\/secure.gravatar.com\\\/avatar\\\/15207fc83f15b464b24a0f9f9bd8effb2b4e5159777757096e51859242becd38?s=96&d=mm&r=g\",\"caption\":\"joel@fifv.cl\"}}]}<\/script>\n<!-- \/ Yoast SEO plugin. -->","yoast_head_json":{"title":"FIFV 2024 \u00bfCu\u00e1ndo una fotograf\u00eda pierde la memoria? &#8212; FIFV 2024","robots":{"index":"index","follow":"follow","max-snippet":"max-snippet:-1","max-image-preview":"max-image-preview:large","max-video-preview":"max-video-preview:-1"},"canonical":"https:\/\/fifv.cl\/2024\/bitacora\/fifv-2024-cuando-una-fotografia-pierde-la-memoria\/","og_locale":"es_ES","og_type":"article","og_title":"FIFV 2024 \u00bfCu\u00e1ndo una fotograf\u00eda pierde la memoria? &#8212; FIFV 2024","og_description":"Celebramos los 15 a\u00f1os del Festival Internacional de Fotograf\u00eda de Valpara\u00edso con una edici\u00f3n que recorri\u00f3 los cerros y el plan de la ciudad. Nueve d\u00edas de creaci\u00f3n, encuentros, emociones y reflexiones junto a cientos de fot\u00f3grafos y fot\u00f3grafas que llegaron al puerto desde distintos rincones del mundo. Revivimos la experiencia con este video resumen [&hellip;]","og_url":"https:\/\/fifv.cl\/2024\/bitacora\/fifv-2024-cuando-una-fotografia-pierde-la-memoria\/","og_site_name":"FIFV 2024","article_published_time":"2025-05-08T20:57:35+00:00","article_modified_time":"2025-05-26T18:19:07+00:00","og_image":[{"width":2560,"height":1709,"url":"https:\/\/fifv.cl\/2024\/wp-content\/uploads\/2024\/10\/FIFV-1-7-scaled.jpg","type":"image\/jpeg"}],"author":"joel@fifv.cl","twitter_card":"summary_large_image","twitter_misc":{"Escrito por":"joel@fifv.cl","Tiempo de lectura":"1 minuto"},"schema":{"@context":"https:\/\/schema.org","@graph":[{"@type":"Article","@id":"https:\/\/fifv.cl\/2024\/bitacora\/fifv-2024-cuando-una-fotografia-pierde-la-memoria\/#article","isPartOf":{"@id":"https:\/\/fifv.cl\/2024\/bitacora\/fifv-2024-cuando-una-fotografia-pierde-la-memoria\/"},"author":{"name":"joel@fifv.cl","@id":"https:\/\/fifv.cl\/2024\/#\/schema\/person\/c9280a69b1b3d0c716a483aa280dfd0b"},"headline":"FIFV 2024 \u00bfCu\u00e1ndo una fotograf\u00eda pierde la memoria?","datePublished":"2025-05-08T20:57:35+00:00","dateModified":"2025-05-26T18:19:07+00:00","mainEntityOfPage":{"@id":"https:\/\/fifv.cl\/2024\/bitacora\/fifv-2024-cuando-una-fotografia-pierde-la-memoria\/"},"wordCount":84,"commentCount":0,"publisher":{"@id":"https:\/\/fifv.cl\/2024\/#organization"},"articleSection":["FIFV2024"],"inLanguage":"es","potentialAction":[{"@type":"CommentAction","name":"Comment","target":["https:\/\/fifv.cl\/2024\/bitacora\/fifv-2024-cuando-una-fotografia-pierde-la-memoria\/#respond"]}]},{"@type":"WebPage","@id":"https:\/\/fifv.cl\/2024\/bitacora\/fifv-2024-cuando-una-fotografia-pierde-la-memoria\/","url":"https:\/\/fifv.cl\/2024\/bitacora\/fifv-2024-cuando-una-fotografia-pierde-la-memoria\/","name":"FIFV 2024 \u00bfCu\u00e1ndo una fotograf\u00eda pierde la memoria? &#8212; FIFV 2024","isPartOf":{"@id":"https:\/\/fifv.cl\/2024\/#website"},"datePublished":"2025-05-08T20:57:35+00:00","dateModified":"2025-05-26T18:19:07+00:00","breadcrumb":{"@id":"https:\/\/fifv.cl\/2024\/bitacora\/fifv-2024-cuando-una-fotografia-pierde-la-memoria\/#breadcrumb"},"inLanguage":"es","potentialAction":[{"@type":"ReadAction","target":["https:\/\/fifv.cl\/2024\/bitacora\/fifv-2024-cuando-una-fotografia-pierde-la-memoria\/"]}]},{"@type":"BreadcrumbList","@id":"https:\/\/fifv.cl\/2024\/bitacora\/fifv-2024-cuando-una-fotografia-pierde-la-memoria\/#breadcrumb","itemListElement":[{"@type":"ListItem","position":1,"name":"Portada","item":"https:\/\/fifv.cl\/2024\/"},{"@type":"ListItem","position":2,"name":"FIFV 2024 \u00bfCu\u00e1ndo una fotograf\u00eda pierde la memoria?"}]},{"@type":"WebSite","@id":"https:\/\/fifv.cl\/2024\/#website","url":"https:\/\/fifv.cl\/2024\/","name":"FIFV 2024","description":"Festival Internacional de Fotograf\u00eda en Valpara\u00edso","publisher":{"@id":"https:\/\/fifv.cl\/2024\/#organization"},"alternateName":"FIFV","potentialAction":[{"@type":"SearchAction","target":{"@type":"EntryPoint","urlTemplate":"https:\/\/fifv.cl\/2024\/?s={search_term_string}"},"query-input":{"@type":"PropertyValueSpecification","valueRequired":true,"valueName":"search_term_string"}}],"inLanguage":"es"},{"@type":"Organization","@id":"https:\/\/fifv.cl\/2024\/#organization","name":"Festival Internacional de Fotograf\u00eda en Valpara\u00edso","alternateName":"FIFV","url":"https:\/\/fifv.cl\/2024\/","logo":{"@type":"ImageObject","inLanguage":"es","@id":"https:\/\/fifv.cl\/2024\/#\/schema\/logo\/image\/","url":"https:\/\/fifv.cl\/2024\/wp-content\/uploads\/2024\/08\/02-fifv.png","contentUrl":"https:\/\/fifv.cl\/2024\/wp-content\/uploads\/2024\/08\/02-fifv.png","width":227,"height":183,"caption":"Festival Internacional de Fotograf\u00eda en Valpara\u00edso"},"image":{"@id":"https:\/\/fifv.cl\/2024\/#\/schema\/logo\/image\/"}},{"@type":"Person","@id":"https:\/\/fifv.cl\/2024\/#\/schema\/person\/c9280a69b1b3d0c716a483aa280dfd0b","name":"joel@fifv.cl","image":{"@type":"ImageObject","inLanguage":"es","@id":"https:\/\/secure.gravatar.com\/avatar\/15207fc83f15b464b24a0f9f9bd8effb2b4e5159777757096e51859242becd38?s=96&d=mm&r=g","url":"https:\/\/secure.gravatar.com\/avatar\/15207fc83f15b464b24a0f9f9bd8effb2b4e5159777757096e51859242becd38?s=96&d=mm&r=g","contentUrl":"https:\/\/secure.gravatar.com\/avatar\/15207fc83f15b464b24a0f9f9bd8effb2b4e5159777757096e51859242becd38?s=96&d=mm&r=g","caption":"joel@fifv.cl"}}]}},"_links":{"self":[{"href":"https:\/\/fifv.cl\/2024\/wp-json\/wp\/v2\/posts\/2078","targetHints":{"allow":["GET"]}}],"collection":[{"href":"https:\/\/fifv.cl\/2024\/wp-json\/wp\/v2\/posts"}],"about":[{"href":"https:\/\/fifv.cl\/2024\/wp-json\/wp\/v2\/types\/post"}],"author":[{"embeddable":true,"href":"https:\/\/fifv.cl\/2024\/wp-json\/wp\/v2\/users\/3"}],"replies":[{"embeddable":true,"href":"https:\/\/fifv.cl\/2024\/wp-json\/wp\/v2\/comments?post=2078"}],"version-history":[{"count":3,"href":"https:\/\/fifv.cl\/2024\/wp-json\/wp\/v2\/posts\/2078\/revisions"}],"predecessor-version":[{"id":2085,"href":"https:\/\/fifv.cl\/2024\/wp-json\/wp\/v2\/posts\/2078\/revisions\/2085"}],"wp:attachment":[{"href":"https:\/\/fifv.cl\/2024\/wp-json\/wp\/v2\/media?parent=2078"}],"wp:term":[{"taxonomy":"category","embeddable":true,"href":"https:\/\/fifv.cl\/2024\/wp-json\/wp\/v2\/categories?post=2078"},{"taxonomy":"post_tag","embeddable":true,"href":"https:\/\/fifv.cl\/2024\/wp-json\/wp\/v2\/tags?post=2078"}],"curies":[{"name":"wp","href":"https:\/\/api.w.org\/{rel}","templated":true}]}}